{"id":2947,"date":"2025-11-12T19:19:57","date_gmt":"2025-11-12T18:19:57","guid":{"rendered":"https:\/\/agora.xtec.cat\/zer-les-salines\/?p=2947"},"modified":"2025-11-12T19:20:00","modified_gmt":"2025-11-12T18:20:00","slug":"la-festa-de-la-castanyada-a-biure","status":"publish","type":"post","link":"https:\/\/agora.xtec.cat\/zer-les-salines\/general\/la-festa-de-la-castanyada-a-biure\/","title":{"rendered":"La festa de la castanyada a Biure"},"content":{"rendered":"\n<p>L\u2019escola de Biure hem celebrat un any m\u00e9s la festa de la castanyada.<\/p>\n\n\n\n<p>Vam comen\u00e7ar la setmana anterior escollint les receptes que far\u00edem entre tots. Entre el dijous 30 d\u2019octubre i el divendres 31 ens vam dividir en petits grups i les vam cuinar, amb moltes ganes, seguint pas a pas les indicacions que nosaltres mateixos vam portar escrites. La veritat \u00e9s que ens van sortir bon\u00edssimes!!!<\/p>\n\n\n\n<p>El divendres a la tarda nosaltres, alguns familiars i tamb\u00e9 altra gent del poble ens vam trobar a la pla\u00e7a de davant l\u2019esgl\u00e9sia. Vam ballar unes danses que ja feia dies assaj\u00e0vem i despr\u00e9s vam berenar tots junts. L\u2019empresa que gestiona el menjador de l\u2019escola ens van portar les castanyes cuites i nosaltres vam portar tots els plats que hav\u00edem elaborat. Tot estava bon\u00edssim i no va quedar res!!!<\/p>\n\n\n\n<p>Gr\u00e0cies a tothom per venir, ens agrada molt poder compartir el qu\u00e8 fem amb vosaltres!!<\/p>\n\n\n\n<p class=\"has-vivid-cyan-blue-color has-text-color has-link-color wp-elements-d1ce0dd514e25d438ee2c015d8be77b2\"><a href=\"https:\/\/drive.google.com\/drive\/folders\/1y7nWqPUiuCztdEKoDm_2kG6HJp4OIwkR?usp=drive_link\" data-type=\"link\" data-id=\"https:\/\/drive.google.com\/drive\/folders\/1y7nWqPUiuCztdEKoDm_2kG6HJp4OIwkR?usp=drive_link\">La castanyada a Biure<\/a><\/p>\n\n\n\n<p class=\"has-black-color has-text-color has-link-color wp-elements-9ac00cf961d1ea846fe5a532228b76c6\"><\/p>\n\n\n\n<p class=\"has-small-font-size\"><\/p>\n\n\n\n<p><\/p>\n","protected":false},"excerpt":{"rendered":"<p>L\u2019escola de Biure hem celebrat un any m\u00e9s la festa de la castanyada.<\/p>\n<p>Vam comen\u00e7ar la setmana anterior escollint les receptes que far\u00edem entre tots. Entre el dijous 30 d\u2019octubre i el divendres 31 ens vam dividir en petits grups i les vam cuinar, amb moltes&hellip;  <a href=\"https:\/\/agora.xtec.cat\/zer-les-salines\/general\/la-festa-de-la-castanyada-a-biure\/\" title=\"Read La festa de la castanyada a Biure\">Llegeix m\u00e9s\u00bb<\/a><\/p>\n","protected":false},"author":111,"featured_media":2948,"comment_status":"open","ping_status":"open","sticky":false,"template":"","format":"standard","meta":{"_bbp_topic_count":0,"_bbp_reply_count":0,"_bbp_total_topic_count":0,"_bbp_total_reply_count":0,"_bbp_voice_count":0,"_bbp_anonymous_reply_count":0,"_bbp_topic_count_hidden":0,"_bbp_reply_count_hidden":0,"_bbp_forum_subforum_count":0,"footnotes":""},"categories":[116,227,1,29],"tags":[190,209,550,383],"class_list":["post-2947","post","type-post","status-publish","format-standard","has-post-thumbnail","hentry","category-blog-escola-manueldepedrolo","category-families","category-general","category-portada","tag-biure","tag-castanyada","tag-curs-25-26","tag-escola-manuel-de-pedrolo"],"post_mailing_queue_ids":[],"_links":{"self":[{"href":"https:\/\/agora.xtec.cat\/zer-les-salines\/wp-json\/wp\/v2\/posts\/2947","targetHints":{"allow":["GET"]}}],"collection":[{"href":"https:\/\/agora.xtec.cat\/zer-les-salines\/wp-json\/wp\/v2\/posts"}],"about":[{"href":"https:\/\/agora.xtec.cat\/zer-les-salines\/wp-json\/wp\/v2\/types\/post"}],"author":[{"embeddable":true,"href":"https:\/\/agora.xtec.cat\/zer-les-salines\/wp-json\/wp\/v2\/users\/111"}],"replies":[{"embeddable":true,"href":"https:\/\/agora.xtec.cat\/zer-les-salines\/wp-json\/wp\/v2\/comments?post=2947"}],"version-history":[{"count":1,"href":"https:\/\/agora.xtec.cat\/zer-les-salines\/wp-json\/wp\/v2\/posts\/2947\/revisions"}],"predecessor-version":[{"id":2949,"href":"https:\/\/agora.xtec.cat\/zer-les-salines\/wp-json\/wp\/v2\/posts\/2947\/revisions\/2949"}],"wp:featuredmedia":[{"embeddable":true,"href":"https:\/\/agora.xtec.cat\/zer-les-salines\/wp-json\/wp\/v2\/media\/2948"}],"wp:attachment":[{"href":"https:\/\/agora.xtec.cat\/zer-les-salines\/wp-json\/wp\/v2\/media?parent=2947"}],"wp:term":[{"taxonomy":"category","embeddable":true,"href":"https:\/\/agora.xtec.cat\/zer-les-salines\/wp-json\/wp\/v2\/categories?post=2947"},{"taxonomy":"post_tag","embeddable":true,"href":"https:\/\/agora.xtec.cat\/zer-les-salines\/wp-json\/wp\/v2\/tags?post=2947"}],"curies":[{"name":"wp","href":"https:\/\/api.w.org\/{rel}","templated":true}]}}