{"id":2938,"date":"2025-11-03T18:31:01","date_gmt":"2025-11-03T17:31:01","guid":{"rendered":"https:\/\/agora.xtec.cat\/zer-les-salines\/?p=2938"},"modified":"2025-11-03T18:31:03","modified_gmt":"2025-11-03T17:31:03","slug":"fem-un-cim-el-montgri","status":"publish","type":"post","link":"https:\/\/agora.xtec.cat\/zer-les-salines\/portada\/fem-un-cim-el-montgri\/","title":{"rendered":"Fem un cim &#8211; El Montgr\u00ed"},"content":{"rendered":"\n<p>El <strong>divendres 17 d\u2019octubre<\/strong> vam fer una sortida dins del projecte <strong>Fem un cim<\/strong>. L\u2019alumnat de les tres escoles de la ZER vam pujar al <strong>Montgr\u00ed<\/strong> i al <strong>Montpl\u00e0<\/strong>. Vam gaudir de natura, activitat f\u00edsica i bona companyia.<\/p>\n\n\n\n<p>La ruta va ser <strong>circular<\/strong>, d&#8217;uns set quil\u00f2metres i pocs metres. Pel cam\u00ed vam passar per l\u2019<strong>ermita de Santa Caterina<\/strong> (la vam visitar per fora) i vam descobrir racons molt bonics. Vam tenir sort i vam veure les <strong>cabres del Montgr\u00ed<\/strong>. Va ser un moment especial per a tothom.<\/p>\n\n\n\n<p>A m\u00e9s de fer exercici, vam aprendre. En <strong>Llu\u00eds<\/strong> i la <strong>N\u00faria<\/strong>, mestres jubilats que ens van acompanyar, ens van explicar <strong>an\u00e8cdotes<\/strong> i una mica d\u2019<strong>hist\u00f2ria<\/strong> del Montgr\u00ed i dels voltants. Les seves paraules van fer la sortida encara m\u00e9s interessant. Per aquest motiu, un agra\u00efment molt especial al Llu\u00eds i a la N\u00faria per venir i compartir coneixements.<\/p>\n\n\n\n<p>Compartim amb vosaltres les <a href=\"https:\/\/drive.google.com\/drive\/folders\/1ZEBbNrQUGRYx7XyAukfduEQU0Vl7OFJg?usp=sharing\">fotografies<\/a> i el <a href=\"https:\/\/drive.google.com\/drive\/folders\/15IIObXkWNvhEZvnGOjdQu14npGb7F2l4?usp=drive_link\">v\u00eddeo<\/a> del reportatge que ha fet l\u2019alumnat de 4t i Cicle Superior.<\/p>\n\n\n\n<p><\/p>\n\n\n\n<p><sub><strong>Recordeu: per accedir a les fotografies de la sortida necessitareu accedir amb l&#8217;usuari de zerlessalines.cat<\/strong><\/sub><br><\/p>\n\n\n\n<p><\/p>\n","protected":false},"excerpt":{"rendered":"<p>El divendres 17 d\u2019octubre vam fer una sortida dins del projecte Fem un cim. L\u2019alumnat de les tres escoles de la ZER vam pujar al Montgr\u00ed i al Montpl\u00e0. Vam gaudir de natura, activitat f\u00edsica i bona companyia.<\/p>\n<p>La ruta va ser circular, d&#8217;uns set quil\u00f2metres&hellip;  <a href=\"https:\/\/agora.xtec.cat\/zer-les-salines\/portada\/fem-un-cim-el-montgri\/\" title=\"Read Fem un cim &#8211; El Montgr\u00ed\">Llegeix m\u00e9s\u00bb<\/a><\/p>\n","protected":false},"author":3,"featured_media":2939,"comment_status":"open","ping_status":"open","sticky":false,"template":"","format":"standard","meta":{"_bbp_topic_count":0,"_bbp_reply_count":0,"_bbp_total_topic_count":0,"_bbp_total_reply_count":0,"_bbp_voice_count":0,"_bbp_anonymous_reply_count":0,"_bbp_topic_count_hidden":0,"_bbp_reply_count_hidden":0,"_bbp_forum_subforum_count":0,"footnotes":""},"categories":[120,29],"tags":[257,550,224,202,593],"class_list":["post-2938","post","type-post","status-publish","format-standard","has-post-thumbnail","hentry","category-ef","category-portada","tag-activitat-fisica","tag-curs-25-26","tag-educacio-fisica","tag-fem-un-cim","tag-muntanya"],"post_mailing_queue_ids":[],"_links":{"self":[{"href":"https:\/\/agora.xtec.cat\/zer-les-salines\/wp-json\/wp\/v2\/posts\/2938","targetHints":{"allow":["GET"]}}],"collection":[{"href":"https:\/\/agora.xtec.cat\/zer-les-salines\/wp-json\/wp\/v2\/posts"}],"about":[{"href":"https:\/\/agora.xtec.cat\/zer-les-salines\/wp-json\/wp\/v2\/types\/post"}],"author":[{"embeddable":true,"href":"https:\/\/agora.xtec.cat\/zer-les-salines\/wp-json\/wp\/v2\/users\/3"}],"replies":[{"embeddable":true,"href":"https:\/\/agora.xtec.cat\/zer-les-salines\/wp-json\/wp\/v2\/comments?post=2938"}],"version-history":[{"count":2,"href":"https:\/\/agora.xtec.cat\/zer-les-salines\/wp-json\/wp\/v2\/posts\/2938\/revisions"}],"predecessor-version":[{"id":2941,"href":"https:\/\/agora.xtec.cat\/zer-les-salines\/wp-json\/wp\/v2\/posts\/2938\/revisions\/2941"}],"wp:featuredmedia":[{"embeddable":true,"href":"https:\/\/agora.xtec.cat\/zer-les-salines\/wp-json\/wp\/v2\/media\/2939"}],"wp:attachment":[{"href":"https:\/\/agora.xtec.cat\/zer-les-salines\/wp-json\/wp\/v2\/media?parent=2938"}],"wp:term":[{"taxonomy":"category","embeddable":true,"href":"https:\/\/agora.xtec.cat\/zer-les-salines\/wp-json\/wp\/v2\/categories?post=2938"},{"taxonomy":"post_tag","embeddable":true,"href":"https:\/\/agora.xtec.cat\/zer-les-salines\/wp-json\/wp\/v2\/tags?post=2938"}],"curies":[{"name":"wp","href":"https:\/\/api.w.org\/{rel}","templated":true}]}}