{"id":2931,"date":"2025-10-20T19:00:00","date_gmt":"2025-10-20T17:00:00","guid":{"rendered":"https:\/\/agora.xtec.cat\/zer-les-salines\/?p=2931"},"modified":"2025-10-20T10:09:55","modified_gmt":"2025-10-20T08:09:55","slug":"primer-trobada-de-zer","status":"publish","type":"post","link":"https:\/\/agora.xtec.cat\/zer-les-salines\/portada\/primer-trobada-de-zer\/","title":{"rendered":"Primer trobada de ZER"},"content":{"rendered":"\n<h1 class=\"wp-block-heading\">Primera trobada de la ZER a Biure<\/h1>\n\n\n\n<p>Els dies 2 i 3 d\u2019octubre, l\u2019alumnat de les tres escoles de la ZER ens vam trobar a Biure per compartir una estada de conviv\u00e8ncia i aprenentatge. Van ser dos dies plens d\u2019activitats, bon ambient i molta il\u00b7lusi\u00f3.<\/p>\n\n\n\n<p>Dijous al mat\u00ed vam fer diferents tallers; un dels m\u00e9s emocionants va ser el de construccions amb peces Kapla. Despr\u00e9s vam dinar plegats i vam gaudir d\u2019una bona estona de joc compartit. A les 15 h, l\u2019alumnat d\u2019infantil i cicle inicial va tornar a les seves escoles.<\/p>\n\n\n\n<p>Mentrestant, els grups de cicle mitj\u00e0 i superior vam preparar la sala per dormir-hi i per organitzar els \u00e0pats del vespre, l\u2019esmorzar i el dinar de l\u2019endem\u00e0. Quan ho vam tenir tot a punt, vam fer una caminada fins al b\u00fanquer de l\u2019observatori, des d\u2019on es veuen molt bones panor\u00e0miques de l\u2019entorn. En tornar, vam preparar el sopar i, despr\u00e9s, vam participar en un joc de nit en qu\u00e8 hav\u00edem d\u2019ajudar que l\u2019aigua torn\u00e9s a fluir al poble de Biure.<\/p>\n\n\n\n<p>L\u2019endem\u00e0, vam visitar les vinyes i el celler d\u2019en Toni Cantenys. Ens van explicar el proc\u00e9s de tenir cura de les vinyes, collir el ra\u00efm i elaborar el vi, i vam poder veure de prop les eines i els espais del celler.<\/p>\n\n\n\n<p>Moltes gr\u00e0cies a totes les fam\u00edlies, als docents i a les persones i entitats que han fet possible aquesta experi\u00e8ncia. <\/p>\n\n\n\n<p>Podeu veure les fotografies d\u2019aquesta jornada als enlla\u00e7os seg\u00fcents:<\/p>\n\n\n\n<ul class=\"wp-block-list\">\n<li><a href=\"https:\/\/drive.google.com\/drive\/folders\/15pBBjT2lmdU_V0_Nnz0SX-3i0QJPswEf?usp=sharing\">Dijous 2 d&#8217;octubre<\/a><\/li>\n\n\n\n<li><a href=\"https:\/\/drive.google.com\/drive\/folders\/188QBnF_N9RzpvZlWU9EQTLacG93R7N9_?usp=sharing\">Divendres 3 d&#8217;octubre<\/a><\/li>\n<\/ul>\n\n\n\n<p><sub><strong>Recordeu que per poder veure les fotografies heu d&#8217;accedir amb l&#8217;usuari i la contrasenya de zerlessalines.cat<\/strong><\/sub><\/p>\n\n\n\n<p><\/p>\n","protected":false},"excerpt":{"rendered":"<p>Primera trobada de la ZER a Biure<\/p>\n<p>Els dies 2 i 3 d\u2019octubre, l\u2019alumnat de les tres escoles de la ZER ens vam trobar a Biure per compartir una estada de conviv\u00e8ncia i aprenentatge. Van ser dos dies plens d\u2019activitats, bon ambient i molta il\u00b7lusi\u00f3.<\/p>\n<p>Dijous al&hellip;  <a href=\"https:\/\/agora.xtec.cat\/zer-les-salines\/portada\/primer-trobada-de-zer\/\" title=\"Read Primer trobada de ZER\">Llegeix m\u00e9s\u00bb<\/a><\/p>\n","protected":false},"author":1,"featured_media":2933,"comment_status":"open","ping_status":"open","sticky":false,"template":"","format":"standard","meta":{"_bbp_topic_count":0,"_bbp_reply_count":0,"_bbp_total_topic_count":0,"_bbp_total_reply_count":0,"_bbp_voice_count":0,"_bbp_anonymous_reply_count":0,"_bbp_topic_count_hidden":0,"_bbp_reply_count_hidden":0,"_bbp_forum_subforum_count":0,"footnotes":""},"categories":[125,29],"tags":[190,550,507],"class_list":["post-2931","post","type-post","status-publish","format-standard","has-post-thumbnail","hentry","category-activitatszer","category-portada","tag-biure","tag-curs-25-26","tag-primera-trobada"],"post_mailing_queue_ids":[],"_links":{"self":[{"href":"https:\/\/agora.xtec.cat\/zer-les-salines\/wp-json\/wp\/v2\/posts\/2931","targetHints":{"allow":["GET"]}}],"collection":[{"href":"https:\/\/agora.xtec.cat\/zer-les-salines\/wp-json\/wp\/v2\/posts"}],"about":[{"href":"https:\/\/agora.xtec.cat\/zer-les-salines\/wp-json\/wp\/v2\/types\/post"}],"author":[{"embeddable":true,"href":"https:\/\/agora.xtec.cat\/zer-les-salines\/wp-json\/wp\/v2\/users\/1"}],"replies":[{"embeddable":true,"href":"https:\/\/agora.xtec.cat\/zer-les-salines\/wp-json\/wp\/v2\/comments?post=2931"}],"version-history":[{"count":1,"href":"https:\/\/agora.xtec.cat\/zer-les-salines\/wp-json\/wp\/v2\/posts\/2931\/revisions"}],"predecessor-version":[{"id":2934,"href":"https:\/\/agora.xtec.cat\/zer-les-salines\/wp-json\/wp\/v2\/posts\/2931\/revisions\/2934"}],"wp:featuredmedia":[{"embeddable":true,"href":"https:\/\/agora.xtec.cat\/zer-les-salines\/wp-json\/wp\/v2\/media\/2933"}],"wp:attachment":[{"href":"https:\/\/agora.xtec.cat\/zer-les-salines\/wp-json\/wp\/v2\/media?parent=2931"}],"wp:term":[{"taxonomy":"category","embeddable":true,"href":"https:\/\/agora.xtec.cat\/zer-les-salines\/wp-json\/wp\/v2\/categories?post=2931"},{"taxonomy":"post_tag","embeddable":true,"href":"https:\/\/agora.xtec.cat\/zer-les-salines\/wp-json\/wp\/v2\/tags?post=2931"}],"curies":[{"name":"wp","href":"https:\/\/api.w.org\/{rel}","templated":true}]}}