{"id":2879,"date":"2025-06-18T10:49:37","date_gmt":"2025-06-18T08:49:37","guid":{"rendered":"https:\/\/agora.xtec.cat\/zer-les-salines\/?p=2879"},"modified":"2025-06-18T12:39:03","modified_gmt":"2025-06-18T10:39:03","slug":"fira-del-sauc","status":"publish","type":"post","link":"https:\/\/agora.xtec.cat\/zer-les-salines\/portada\/fira-del-sauc\/","title":{"rendered":"Fira del Sa\u00fcc"},"content":{"rendered":"\n<p>El dia 29 de maig a les Escaules vam gaudir de la Fira del Sa\u00fcc. Al llarg del dia es van dur a terme diferents activitats com una mostra de productes locals, una exposici\u00f3 de jocs tradicionals, l&#8217;explicaci\u00f3 d&#8217;un conte mitol\u00f2gic, un dinar popular i un concert.<\/p>\n\n\n\n<p>A la classe vam fer un treball previ a la Fira amb l&#8217;objectiu de con\u00e8ixer plantes comestibles i medicinals del nostre entorn, posant especial mirada en el sa\u00fcc. Saber quins s\u00f3n els usos i elaboracions del sa\u00fcc. Tamb\u00e9 potenciar l&#8217;arrelament al territori i formar part dels actes km.0 com a font de participaci\u00f3 i aprenentatge.<\/p>\n\n\n\n<p>Al llarg dels dies anteriors, a l&#8217;aula vam dur a terme activitats com observar els diferents elements del Cartell de la Fira, passejar per a descobrir el sa\u00fcc i la seva localitzaci\u00f3, il\u00b7lustrar el sa\u00fcc i participar d\u2019una exposici\u00f3 a la Fira del Sa\u00fcc. Per altra banda, la Merc\u00e8 ens va explicar qu\u00e8 podem elaborar amb el sa\u00fcc (assecar les flors per infusi\u00f3, xarop de sa\u00fcc\u2026), vam elaborar un receptari i fabricar xarop de sa\u00fcc.<\/p>\n\n\n\n<p>Molts de nosaltres vam assistir a la Fira i vam escoltar el conte, vam jugar una estona amb els jocs tradicionals de fusta i menjar productes locals de les paradetes. Ens va agradar molt i ens ho vam passar molt b\u00e9.<\/p>\n\n\n\n<figure class=\"wp-block-image size-large\"><a href=\"https:\/\/agora.xtec.cat\/zer-les-salines\/wp-content\/uploads\/usu1080\/2025\/06\/image.png\"><img loading=\"lazy\" decoding=\"async\" width=\"725\" height=\"1024\" src=\"https:\/\/agora.xtec.cat\/zer-les-salines\/wp-content\/uploads\/usu1080\/2025\/06\/image-725x1024.png\" alt=\"\" class=\"wp-image-2880\" srcset=\"https:\/\/agora.xtec.cat\/zer-les-salines\/wp-content\/uploads\/usu1080\/2025\/06\/image-725x1024.png 725w, https:\/\/agora.xtec.cat\/zer-les-salines\/wp-content\/uploads\/usu1080\/2025\/06\/image-212x300.png 212w, https:\/\/agora.xtec.cat\/zer-les-salines\/wp-content\/uploads\/usu1080\/2025\/06\/image-768x1085.png 768w, https:\/\/agora.xtec.cat\/zer-les-salines\/wp-content\/uploads\/usu1080\/2025\/06\/image.png 1087w\" sizes=\"auto, (max-width: 725px) 100vw, 725px\" \/><\/a><\/figure>\n\n\n\n<p><\/p>\n\n\n\n<p><a href=\"https:\/\/drive.google.com\/drive\/folders\/1asKalJcN-_IuzYvNHySW5SPuqRk_99XJ?usp=drive_link\" data-type=\"link\" data-id=\"https:\/\/drive.google.com\/drive\/folders\/1asKalJcN-_IuzYvNHySW5SPuqRk_99XJ?usp=drive_link\">Aqu\u00ed<\/a> podeu veure m\u00e9s imatges del treball previ.<\/p>\n","protected":false},"excerpt":{"rendered":"<p>El dia 29 de maig a les Escaules vam gaudir de la Fira del Sa\u00fcc. Al llarg del dia es van dur a terme diferents activitats com una mostra de productes locals, una exposici\u00f3 de jocs tradicionals, l&#8217;explicaci\u00f3 d&#8217;un conte mitol\u00f2gic, un dinar popular i&hellip;  <a href=\"https:\/\/agora.xtec.cat\/zer-les-salines\/portada\/fira-del-sauc\/\" title=\"Read Fira del Sa\u00fcc\">Llegeix m\u00e9s\u00bb<\/a><\/p>\n","protected":false},"author":66,"featured_media":2880,"comment_status":"open","ping_status":"open","sticky":false,"template":"","format":"standard","meta":{"_bbp_topic_count":0,"_bbp_reply_count":0,"_bbp_total_topic_count":0,"_bbp_total_reply_count":0,"_bbp_voice_count":0,"_bbp_anonymous_reply_count":0,"_bbp_topic_count_hidden":0,"_bbp_reply_count_hidden":0,"_bbp_forum_subforum_count":0,"footnotes":""},"categories":[117,29],"tags":[194,539,580],"class_list":["post-2879","post","type-post","status-publish","format-standard","has-post-thumbnail","hentry","category-blog-escola-santacecilia","category-portada","tag-boadella","tag-curs-24-25","tag-fira-del-sauc"],"post_mailing_queue_ids":[],"_links":{"self":[{"href":"https:\/\/agora.xtec.cat\/zer-les-salines\/wp-json\/wp\/v2\/posts\/2879","targetHints":{"allow":["GET"]}}],"collection":[{"href":"https:\/\/agora.xtec.cat\/zer-les-salines\/wp-json\/wp\/v2\/posts"}],"about":[{"href":"https:\/\/agora.xtec.cat\/zer-les-salines\/wp-json\/wp\/v2\/types\/post"}],"author":[{"embeddable":true,"href":"https:\/\/agora.xtec.cat\/zer-les-salines\/wp-json\/wp\/v2\/users\/66"}],"replies":[{"embeddable":true,"href":"https:\/\/agora.xtec.cat\/zer-les-salines\/wp-json\/wp\/v2\/comments?post=2879"}],"version-history":[{"count":2,"href":"https:\/\/agora.xtec.cat\/zer-les-salines\/wp-json\/wp\/v2\/posts\/2879\/revisions"}],"predecessor-version":[{"id":2882,"href":"https:\/\/agora.xtec.cat\/zer-les-salines\/wp-json\/wp\/v2\/posts\/2879\/revisions\/2882"}],"wp:featuredmedia":[{"embeddable":true,"href":"https:\/\/agora.xtec.cat\/zer-les-salines\/wp-json\/wp\/v2\/media\/2880"}],"wp:attachment":[{"href":"https:\/\/agora.xtec.cat\/zer-les-salines\/wp-json\/wp\/v2\/media?parent=2879"}],"wp:term":[{"taxonomy":"category","embeddable":true,"href":"https:\/\/agora.xtec.cat\/zer-les-salines\/wp-json\/wp\/v2\/categories?post=2879"},{"taxonomy":"post_tag","embeddable":true,"href":"https:\/\/agora.xtec.cat\/zer-les-salines\/wp-json\/wp\/v2\/tags?post=2879"}],"curies":[{"name":"wp","href":"https:\/\/api.w.org\/{rel}","templated":true}]}}