{"id":2875,"date":"2025-06-17T12:27:58","date_gmt":"2025-06-17T10:27:58","guid":{"rendered":"https:\/\/agora.xtec.cat\/zer-les-salines\/?p=2875"},"modified":"2025-06-17T12:28:00","modified_gmt":"2025-06-17T10:28:00","slug":"aprenem-sobre-les-abelles-amb-en-fermin","status":"publish","type":"post","link":"https:\/\/agora.xtec.cat\/zer-les-salines\/portada\/aprenem-sobre-les-abelles-amb-en-fermin\/","title":{"rendered":"Aprenem sobre les abelles amb en Ferm\u00edn"},"content":{"rendered":"\n<p>El passat 26 de maig, vam tenir el plaer d&#8217;escoltar i aprendre coses que abans desconeix\u00edem sobre les abelles gr\u00e0cies a l&#8217;experi\u00e8ncia d&#8217;en Ferm\u00edn que ens va fer una presentaci\u00f3 de les caracter\u00edstiques i aspectes interessants de les abelles.<\/p>\n\n\n\n<p>Durant l&#8217;exposici\u00f3 vam poder con\u00e8ixer els diferents tipus d&#8217;abelles, les seves funcions, com fan la mel, com recollir-les, entre d&#8217;altres. Tamb\u00e9 vam poder veure com \u00e9s un rusc d&#8217;abelles per dins, la vestimenta d&#8217;un apicultor o l&#8217;aparell que utilitzen per espantar-les a l&#8217;hora de treballar.<\/p>\n\n\n\n<figure class=\"wp-block-image size-large\"><a href=\"https:\/\/agora.xtec.cat\/zer-les-salines\/wp-content\/uploads\/usu1080\/2025\/06\/1748258964144-1-scaled.jpg\"><img loading=\"lazy\" decoding=\"async\" width=\"1024\" height=\"768\" src=\"https:\/\/agora.xtec.cat\/zer-les-salines\/wp-content\/uploads\/usu1080\/2025\/06\/1748258964144-1-1024x768.jpg\" alt=\"\" class=\"wp-image-2876\" srcset=\"https:\/\/agora.xtec.cat\/zer-les-salines\/wp-content\/uploads\/usu1080\/2025\/06\/1748258964144-1-1024x768.jpg 1024w, https:\/\/agora.xtec.cat\/zer-les-salines\/wp-content\/uploads\/usu1080\/2025\/06\/1748258964144-1-300x225.jpg 300w, https:\/\/agora.xtec.cat\/zer-les-salines\/wp-content\/uploads\/usu1080\/2025\/06\/1748258964144-1-768x576.jpg 768w, https:\/\/agora.xtec.cat\/zer-les-salines\/wp-content\/uploads\/usu1080\/2025\/06\/1748258964144-1-1536x1152.jpg 1536w, https:\/\/agora.xtec.cat\/zer-les-salines\/wp-content\/uploads\/usu1080\/2025\/06\/1748258964144-1-2048x1536.jpg 2048w, https:\/\/agora.xtec.cat\/zer-les-salines\/wp-content\/uploads\/usu1080\/2025\/06\/1748258964144-1-200x150.jpg 200w\" sizes=\"auto, (max-width: 1024px) 100vw, 1024px\" \/><\/a><\/figure>\n\n\n\n<p><a href=\"https:\/\/drive.google.com\/drive\/folders\/1qNhFdb65K9PsyPAwrafQPE5nfd_B39IY?usp=drive_link\" data-type=\"link\" data-id=\"https:\/\/drive.google.com\/drive\/folders\/1qNhFdb65K9PsyPAwrafQPE5nfd_B39IY?usp=drive_link\">Aqu\u00ed<\/a> podeu veure m\u00e9s imatges de l&#8217;exposici\u00f3.<\/p>\n\n\n\n<p><\/p>\n","protected":false},"excerpt":{"rendered":"<p>El passat 26 de maig, vam tenir el plaer d&#8217;escoltar i aprendre coses que abans desconeix\u00edem sobre les abelles gr\u00e0cies a l&#8217;experi\u00e8ncia d&#8217;en Ferm\u00edn que ens va fer una presentaci\u00f3 de les caracter\u00edstiques i aspectes interessants de les abelles.<\/p>\n<p>Durant l&#8217;exposici\u00f3 vam poder con\u00e8ixer els diferents&hellip;  <a href=\"https:\/\/agora.xtec.cat\/zer-les-salines\/portada\/aprenem-sobre-les-abelles-amb-en-fermin\/\" title=\"Read Aprenem sobre les abelles amb en Ferm\u00edn\">Llegeix m\u00e9s\u00bb<\/a><\/p>\n","protected":false},"author":66,"featured_media":2876,"comment_status":"open","ping_status":"open","sticky":false,"template":"","format":"standard","meta":{"_bbp_topic_count":0,"_bbp_reply_count":0,"_bbp_total_topic_count":0,"_bbp_total_reply_count":0,"_bbp_voice_count":0,"_bbp_anonymous_reply_count":0,"_bbp_topic_count_hidden":0,"_bbp_reply_count_hidden":0,"_bbp_forum_subforum_count":0,"footnotes":""},"categories":[117,29],"tags":[579,194,539],"class_list":["post-2875","post","type-post","status-publish","format-standard","has-post-thumbnail","hentry","category-blog-escola-santacecilia","category-portada","tag-abelles","tag-boadella","tag-curs-24-25"],"post_mailing_queue_ids":[],"_links":{"self":[{"href":"https:\/\/agora.xtec.cat\/zer-les-salines\/wp-json\/wp\/v2\/posts\/2875","targetHints":{"allow":["GET"]}}],"collection":[{"href":"https:\/\/agora.xtec.cat\/zer-les-salines\/wp-json\/wp\/v2\/posts"}],"about":[{"href":"https:\/\/agora.xtec.cat\/zer-les-salines\/wp-json\/wp\/v2\/types\/post"}],"author":[{"embeddable":true,"href":"https:\/\/agora.xtec.cat\/zer-les-salines\/wp-json\/wp\/v2\/users\/66"}],"replies":[{"embeddable":true,"href":"https:\/\/agora.xtec.cat\/zer-les-salines\/wp-json\/wp\/v2\/comments?post=2875"}],"version-history":[{"count":1,"href":"https:\/\/agora.xtec.cat\/zer-les-salines\/wp-json\/wp\/v2\/posts\/2875\/revisions"}],"predecessor-version":[{"id":2877,"href":"https:\/\/agora.xtec.cat\/zer-les-salines\/wp-json\/wp\/v2\/posts\/2875\/revisions\/2877"}],"wp:featuredmedia":[{"embeddable":true,"href":"https:\/\/agora.xtec.cat\/zer-les-salines\/wp-json\/wp\/v2\/media\/2876"}],"wp:attachment":[{"href":"https:\/\/agora.xtec.cat\/zer-les-salines\/wp-json\/wp\/v2\/media?parent=2875"}],"wp:term":[{"taxonomy":"category","embeddable":true,"href":"https:\/\/agora.xtec.cat\/zer-les-salines\/wp-json\/wp\/v2\/categories?post=2875"},{"taxonomy":"post_tag","embeddable":true,"href":"https:\/\/agora.xtec.cat\/zer-les-salines\/wp-json\/wp\/v2\/tags?post=2875"}],"curies":[{"name":"wp","href":"https:\/\/api.w.org\/{rel}","templated":true}]}}