{"id":2868,"date":"2025-06-17T11:07:03","date_gmt":"2025-06-17T09:07:03","guid":{"rendered":"https:\/\/agora.xtec.cat\/zer-les-salines\/?p=2868"},"modified":"2025-06-17T11:33:11","modified_gmt":"2025-06-17T09:33:11","slug":"les-oques","status":"publish","type":"post","link":"https:\/\/agora.xtec.cat\/zer-les-salines\/portada\/les-oques\/","title":{"rendered":"Les oques"},"content":{"rendered":"\n<p>El seg\u00fcent article que llegireu, ha estat escrit pels alumnes de quart, cinqu\u00e8 i sis\u00e8 de la nostra escola:<\/p>\n\n\n\n<p>&#8220;Finalment, hem comprat dues oques de pelatge gris, per tal que es puguin diferenciar de les altres que ha comprat en Francesc que s\u00f3n de color blanc.<\/p>\n\n\n\n<p>El passat mes de maig van arribar a l&#8217;escola i encara avui les estem cuidant perqu\u00e8 no s\u00f3n capaces de controlar la seva temperatura.<\/p>\n\n\n\n<p>Quan en Francesc tregui les seves oques del cercat al riu, portarem les nostres un parell de setmanes perqu\u00e8 s&#8217;adaptin a l&#8217;entorn.<\/p>\n\n\n\n<p>Per tant, durant la segona quinzena de juliol entre tots ens organitzarem per alimentar-les fins que estiguin preparades per viure al riu lliurement.<\/p>\n\n\n\n<p>En conclusi\u00f3, creiem que ha estat una experi\u00e8ncia inoblidable i divertida, que ens ha servit per aprendre coses noves sobre les oques (l&#8217;alimentaci\u00f3, el creixement, les races existents, l&#8217;adaptaci\u00f3 a l&#8217;entorn, entre d&#8217;altres.&#8221;<\/p>\n\n\n\n<div class=\"wp-block-columns is-layout-flex wp-container-core-columns-is-layout-1 wp-block-columns-is-layout-flex\">\n<div class=\"wp-block-column is-layout-flow wp-block-column-is-layout-flow\" style=\"flex-basis:100%\">\n<div class=\"wp-block-group\"><div class=\"wp-block-group__inner-container is-layout-constrained wp-block-group-is-layout-constrained\">\n<figure class=\"wp-block-image size-large is-resized\"><a href=\"https:\/\/agora.xtec.cat\/zer-les-salines\/wp-content\/uploads\/usu1080\/2025\/06\/1748008309177-1-scaled.jpg\"><img loading=\"lazy\" decoding=\"async\" width=\"1024\" height=\"769\" src=\"https:\/\/agora.xtec.cat\/zer-les-salines\/wp-content\/uploads\/usu1080\/2025\/06\/1748008309177-1-1024x769.jpg\" alt=\"\" class=\"wp-image-2871\" style=\"width:353px;height:auto\" srcset=\"https:\/\/agora.xtec.cat\/zer-les-salines\/wp-content\/uploads\/usu1080\/2025\/06\/1748008309177-1-1024x769.jpg 1024w, https:\/\/agora.xtec.cat\/zer-les-salines\/wp-content\/uploads\/usu1080\/2025\/06\/1748008309177-1-300x225.jpg 300w, https:\/\/agora.xtec.cat\/zer-les-salines\/wp-content\/uploads\/usu1080\/2025\/06\/1748008309177-1-768x577.jpg 768w, https:\/\/agora.xtec.cat\/zer-les-salines\/wp-content\/uploads\/usu1080\/2025\/06\/1748008309177-1-1536x1154.jpg 1536w, https:\/\/agora.xtec.cat\/zer-les-salines\/wp-content\/uploads\/usu1080\/2025\/06\/1748008309177-1-2048x1538.jpg 2048w, https:\/\/agora.xtec.cat\/zer-les-salines\/wp-content\/uploads\/usu1080\/2025\/06\/1748008309177-1-200x150.jpg 200w\" sizes=\"auto, (max-width: 1024px) 100vw, 1024px\" \/><\/a><\/figure>\n<\/div><\/div>\n<\/div>\n<\/div>\n\n\n\n<figure class=\"wp-block-image size-large is-resized\"><a href=\"https:\/\/agora.xtec.cat\/zer-les-salines\/wp-content\/uploads\/usu1080\/2025\/06\/1748008308541-scaled.jpg\"><img loading=\"lazy\" decoding=\"async\" width=\"768\" height=\"1024\" src=\"https:\/\/agora.xtec.cat\/zer-les-salines\/wp-content\/uploads\/usu1080\/2025\/06\/1748008308541-768x1024.jpg\" alt=\"\" class=\"wp-image-2869\" style=\"width:348px;height:auto\" srcset=\"https:\/\/agora.xtec.cat\/zer-les-salines\/wp-content\/uploads\/usu1080\/2025\/06\/1748008308541-768x1024.jpg 768w, https:\/\/agora.xtec.cat\/zer-les-salines\/wp-content\/uploads\/usu1080\/2025\/06\/1748008308541-225x300.jpg 225w, https:\/\/agora.xtec.cat\/zer-les-salines\/wp-content\/uploads\/usu1080\/2025\/06\/1748008308541-1152x1536.jpg 1152w, https:\/\/agora.xtec.cat\/zer-les-salines\/wp-content\/uploads\/usu1080\/2025\/06\/1748008308541-1536x2048.jpg 1536w, https:\/\/agora.xtec.cat\/zer-les-salines\/wp-content\/uploads\/usu1080\/2025\/06\/1748008308541-scaled.jpg 1920w\" sizes=\"auto, (max-width: 768px) 100vw, 768px\" \/><\/a><\/figure>\n\n\n\n<p><a href=\"https:\/\/drive.google.com\/drive\/folders\/1whRIBD6HkdIx8lgZ5aqLG287kVIUmXii?usp=drive_link\" data-type=\"link\" data-id=\"https:\/\/drive.google.com\/drive\/folders\/1whRIBD6HkdIx8lgZ5aqLG287kVIUmXii?usp=drive_link\">Aqu\u00ed<\/a> podeu veure m\u00e9s imatges de les oques.<\/p>\n\n\n\n<p><\/p>\n","protected":false},"excerpt":{"rendered":"<p>El seg\u00fcent article que llegireu, ha estat escrit pels alumnes de quart, cinqu\u00e8 i sis\u00e8 de la nostra escola:<\/p>\n<p>&#8220;Finalment, hem comprat dues oques de pelatge gris, per tal que es puguin diferenciar de les altres que ha comprat en Francesc que s\u00f3n de color blanc.<\/p>\n<p>El&hellip;  <a href=\"https:\/\/agora.xtec.cat\/zer-les-salines\/portada\/les-oques\/\" title=\"Read Les oques\">Llegeix m\u00e9s\u00bb<\/a><\/p>\n","protected":false},"author":66,"featured_media":2871,"comment_status":"open","ping_status":"open","sticky":false,"template":"","format":"standard","meta":{"_bbp_topic_count":0,"_bbp_reply_count":0,"_bbp_total_topic_count":0,"_bbp_total_reply_count":0,"_bbp_voice_count":0,"_bbp_anonymous_reply_count":0,"_bbp_topic_count_hidden":0,"_bbp_reply_count_hidden":0,"_bbp_forum_subforum_count":0,"footnotes":""},"categories":[117,29],"tags":[194,539,554],"class_list":["post-2868","post","type-post","status-publish","format-standard","has-post-thumbnail","hentry","category-blog-escola-santacecilia","category-portada","tag-boadella","tag-curs-24-25","tag-projecte-oca"],"post_mailing_queue_ids":[],"_links":{"self":[{"href":"https:\/\/agora.xtec.cat\/zer-les-salines\/wp-json\/wp\/v2\/posts\/2868","targetHints":{"allow":["GET"]}}],"collection":[{"href":"https:\/\/agora.xtec.cat\/zer-les-salines\/wp-json\/wp\/v2\/posts"}],"about":[{"href":"https:\/\/agora.xtec.cat\/zer-les-salines\/wp-json\/wp\/v2\/types\/post"}],"author":[{"embeddable":true,"href":"https:\/\/agora.xtec.cat\/zer-les-salines\/wp-json\/wp\/v2\/users\/66"}],"replies":[{"embeddable":true,"href":"https:\/\/agora.xtec.cat\/zer-les-salines\/wp-json\/wp\/v2\/comments?post=2868"}],"version-history":[{"count":2,"href":"https:\/\/agora.xtec.cat\/zer-les-salines\/wp-json\/wp\/v2\/posts\/2868\/revisions"}],"predecessor-version":[{"id":2873,"href":"https:\/\/agora.xtec.cat\/zer-les-salines\/wp-json\/wp\/v2\/posts\/2868\/revisions\/2873"}],"wp:featuredmedia":[{"embeddable":true,"href":"https:\/\/agora.xtec.cat\/zer-les-salines\/wp-json\/wp\/v2\/media\/2871"}],"wp:attachment":[{"href":"https:\/\/agora.xtec.cat\/zer-les-salines\/wp-json\/wp\/v2\/media?parent=2868"}],"wp:term":[{"taxonomy":"category","embeddable":true,"href":"https:\/\/agora.xtec.cat\/zer-les-salines\/wp-json\/wp\/v2\/categories?post=2868"},{"taxonomy":"post_tag","embeddable":true,"href":"https:\/\/agora.xtec.cat\/zer-les-salines\/wp-json\/wp\/v2\/tags?post=2868"}],"curies":[{"name":"wp","href":"https:\/\/api.w.org\/{rel}","templated":true}]}}