{"id":2859,"date":"2025-06-11T22:54:36","date_gmt":"2025-06-11T20:54:36","guid":{"rendered":"https:\/\/agora.xtec.cat\/zer-les-salines\/?p=2859"},"modified":"2025-06-18T12:43:14","modified_gmt":"2025-06-18T10:43:14","slug":"curs-de-sardanes-amb-la-dolors","status":"publish","type":"post","link":"https:\/\/agora.xtec.cat\/zer-les-salines\/portada\/curs-de-sardanes-amb-la-dolors\/","title":{"rendered":"Curs de sardanes amb la Dolors"},"content":{"rendered":"\n<p>Com \u00e9s tradici\u00f3, durant el 1r trimestre i el 3r trimestre, la Dolors, \u00e0via de l\u2019escola i antiga mestra, ens regala unes 4-5 sessions\/trimestre compartint-nos el seu saber del m\u00f3n sardan\u00edstic. N\u2019hem apr\u00e8s molt\u00edssim i hem guanyat habilitat ballant sardanes.<\/p>\n\n\n\n<p>A m\u00e9s, \u00e9s una proposta que podem compartir petits i grans! Li estem molt agra\u00efts i agra\u00efdes.<\/p>\n\n\n\n<p>Sempre, moltes gr\u00e0cies Dolors!<\/p>\n\n\n\n<figure class=\"wp-block-image size-large\"><a href=\"https:\/\/agora.xtec.cat\/zer-les-salines\/wp-content\/uploads\/usu1080\/2025\/06\/Sardanes1-1-1-scaled.jpg\"><img loading=\"lazy\" decoding=\"async\" width=\"1024\" height=\"577\" src=\"https:\/\/agora.xtec.cat\/zer-les-salines\/wp-content\/uploads\/usu1080\/2025\/06\/Sardanes1-1-1-1024x577.jpg\" alt=\"\" class=\"wp-image-2862\" srcset=\"https:\/\/agora.xtec.cat\/zer-les-salines\/wp-content\/uploads\/usu1080\/2025\/06\/Sardanes1-1-1-1024x577.jpg 1024w, https:\/\/agora.xtec.cat\/zer-les-salines\/wp-content\/uploads\/usu1080\/2025\/06\/Sardanes1-1-1-300x169.jpg 300w, https:\/\/agora.xtec.cat\/zer-les-salines\/wp-content\/uploads\/usu1080\/2025\/06\/Sardanes1-1-1-768x432.jpg 768w, https:\/\/agora.xtec.cat\/zer-les-salines\/wp-content\/uploads\/usu1080\/2025\/06\/Sardanes1-1-1-1536x865.jpg 1536w, https:\/\/agora.xtec.cat\/zer-les-salines\/wp-content\/uploads\/usu1080\/2025\/06\/Sardanes1-1-1-2048x1153.jpg 2048w\" sizes=\"auto, (max-width: 1024px) 100vw, 1024px\" \/><\/a><\/figure>\n\n\n\n<p><a href=\"https:\/\/drive.google.com\/drive\/folders\/1BLJEsyu5S-eiqIouFJefdPlLdE31k4Af?usp=drive_link\" data-type=\"link\" data-id=\"https:\/\/drive.google.com\/drive\/folders\/1BLJEsyu5S-eiqIouFJefdPlLdE31k4Af?usp=drive_link\">Aqu\u00ed<\/a> podeu veure m\u00e9s imatges de les sessions.<\/p>\n\n\n\n<p><\/p>\n","protected":false},"excerpt":{"rendered":"<p>Com \u00e9s tradici\u00f3, durant el 1r trimestre i el 3r trimestre, la Dolors, \u00e0via de l\u2019escola i antiga mestra, ens regala unes 4-5 sessions\/trimestre compartint-nos el seu saber del m\u00f3n sardan\u00edstic. N\u2019hem apr\u00e8s molt\u00edssim i hem guanyat habilitat ballant sardanes.<\/p>\n<p>A m\u00e9s, \u00e9s una proposta que&hellip;  <a href=\"https:\/\/agora.xtec.cat\/zer-les-salines\/portada\/curs-de-sardanes-amb-la-dolors\/\" title=\"Read Curs de sardanes amb la Dolors\">Llegeix m\u00e9s\u00bb<\/a><\/p>\n","protected":false},"author":66,"featured_media":2860,"comment_status":"open","ping_status":"open","sticky":false,"template":"","format":"standard","meta":{"_bbp_topic_count":0,"_bbp_reply_count":0,"_bbp_total_topic_count":0,"_bbp_total_reply_count":0,"_bbp_voice_count":0,"_bbp_anonymous_reply_count":0,"_bbp_topic_count_hidden":0,"_bbp_reply_count_hidden":0,"_bbp_forum_subforum_count":0,"footnotes":""},"categories":[117,29],"tags":[194,539,574],"class_list":["post-2859","post","type-post","status-publish","format-standard","has-post-thumbnail","hentry","category-blog-escola-santacecilia","category-portada","tag-boadella","tag-curs-24-25","tag-sardanes"],"post_mailing_queue_ids":[],"_links":{"self":[{"href":"https:\/\/agora.xtec.cat\/zer-les-salines\/wp-json\/wp\/v2\/posts\/2859","targetHints":{"allow":["GET"]}}],"collection":[{"href":"https:\/\/agora.xtec.cat\/zer-les-salines\/wp-json\/wp\/v2\/posts"}],"about":[{"href":"https:\/\/agora.xtec.cat\/zer-les-salines\/wp-json\/wp\/v2\/types\/post"}],"author":[{"embeddable":true,"href":"https:\/\/agora.xtec.cat\/zer-les-salines\/wp-json\/wp\/v2\/users\/66"}],"replies":[{"embeddable":true,"href":"https:\/\/agora.xtec.cat\/zer-les-salines\/wp-json\/wp\/v2\/comments?post=2859"}],"version-history":[{"count":3,"href":"https:\/\/agora.xtec.cat\/zer-les-salines\/wp-json\/wp\/v2\/posts\/2859\/revisions"}],"predecessor-version":[{"id":2883,"href":"https:\/\/agora.xtec.cat\/zer-les-salines\/wp-json\/wp\/v2\/posts\/2859\/revisions\/2883"}],"wp:featuredmedia":[{"embeddable":true,"href":"https:\/\/agora.xtec.cat\/zer-les-salines\/wp-json\/wp\/v2\/media\/2860"}],"wp:attachment":[{"href":"https:\/\/agora.xtec.cat\/zer-les-salines\/wp-json\/wp\/v2\/media?parent=2859"}],"wp:term":[{"taxonomy":"category","embeddable":true,"href":"https:\/\/agora.xtec.cat\/zer-les-salines\/wp-json\/wp\/v2\/categories?post=2859"},{"taxonomy":"post_tag","embeddable":true,"href":"https:\/\/agora.xtec.cat\/zer-les-salines\/wp-json\/wp\/v2\/tags?post=2859"}],"curies":[{"name":"wp","href":"https:\/\/api.w.org\/{rel}","templated":true}]}}