{"id":2856,"date":"2025-06-11T22:44:54","date_gmt":"2025-06-11T20:44:54","guid":{"rendered":"https:\/\/agora.xtec.cat\/zer-les-salines\/?p=2856"},"modified":"2025-06-11T22:58:50","modified_gmt":"2025-06-11T20:58:50","slug":"diari-de-la-llum","status":"publish","type":"post","link":"https:\/\/agora.xtec.cat\/zer-les-salines\/portada\/diari-de-la-llum\/","title":{"rendered":"Diari de la llum"},"content":{"rendered":"\n<p>El<strong> diari de la llum<\/strong> \u00e9s una proposta fotogr\u00e0fica i de molta natura que ens convida a posar en joc els sentits, tots els sentits!&nbsp;<\/p>\n\n\n\n<p>Ens ha ajudat a <strong>observar<\/strong>, observar atentament el global i el detall. La natura que ens envolta ens regala matisos, detalls m\u00e9s o menys descarats i, com m\u00e9s afinem la mirada, m\u00e9s enriquim la nostra experi\u00e8ncia en contacte amb la natura.&nbsp;<\/p>\n\n\n\n<p>Ens regala la visibilitat del pas del temps i els seus canvis.&nbsp;<\/p>\n\n\n\n<p>El proc\u00e9s que duem a terme:<\/p>\n\n\n\n<ol class=\"wp-block-list\">\n<li>A inici de curs, en les sortides de descoberta del nostre entorn, explorem els possibles espais que ens envolten, fem la tria de la localitzaci\u00f3 i de la perspectiva des d\u2019on farem la foto.<\/li>\n\n\n\n<li>Un cop al mes, retornem a aquell punt i ens aturem, observem, escoltem, compartim, hi posem paraules i, per \u00faltim fem la foto.\u00a0<\/li>\n\n\n\n<li>Per fer la foto, cal col\u00b7locar el cos, l\u2019objectiu, observar, aturar-se\u2026<\/li>\n\n\n\n<li>Un cop a l\u2019escola, observem les fotos fetes. Ens fixem en l\u2019enquadrament, la llum, els detalls i triem. A l\u2019hora d\u2019exposar la nostra tria, la justifiquem.<\/li>\n<\/ol>\n\n\n\n<figure class=\"wp-block-image size-large\"><a href=\"https:\/\/agora.xtec.cat\/zer-les-salines\/wp-content\/uploads\/usu1080\/2025\/06\/Recull-Diari-de-la-Llum.png\"><img loading=\"lazy\" decoding=\"async\" width=\"819\" height=\"1024\" src=\"https:\/\/agora.xtec.cat\/zer-les-salines\/wp-content\/uploads\/usu1080\/2025\/06\/Recull-Diari-de-la-Llum-819x1024.png\" alt=\"\" class=\"wp-image-2857\" srcset=\"https:\/\/agora.xtec.cat\/zer-les-salines\/wp-content\/uploads\/usu1080\/2025\/06\/Recull-Diari-de-la-Llum-819x1024.png 819w, https:\/\/agora.xtec.cat\/zer-les-salines\/wp-content\/uploads\/usu1080\/2025\/06\/Recull-Diari-de-la-Llum-240x300.png 240w, https:\/\/agora.xtec.cat\/zer-les-salines\/wp-content\/uploads\/usu1080\/2025\/06\/Recull-Diari-de-la-Llum-768x960.png 768w, https:\/\/agora.xtec.cat\/zer-les-salines\/wp-content\/uploads\/usu1080\/2025\/06\/Recull-Diari-de-la-Llum.png 1080w\" sizes=\"auto, (max-width: 819px) 100vw, 819px\" \/><\/a><\/figure>\n","protected":false},"excerpt":{"rendered":"<p>El diari de la llum \u00e9s una proposta fotogr\u00e0fica i de molta natura que ens convida a posar en joc els sentits, tots els sentits!&nbsp;<\/p>\n<p>Ens ha ajudat a observar, observar atentament el global i el detall. La natura que ens envolta ens regala matisos, detalls&hellip;  <a href=\"https:\/\/agora.xtec.cat\/zer-les-salines\/portada\/diari-de-la-llum\/\" title=\"Read Diari de la llum\">Llegeix m\u00e9s\u00bb<\/a><\/p>\n","protected":false},"author":66,"featured_media":2857,"comment_status":"open","ping_status":"open","sticky":false,"template":"","format":"standard","meta":{"_bbp_topic_count":0,"_bbp_reply_count":0,"_bbp_total_topic_count":0,"_bbp_total_reply_count":0,"_bbp_voice_count":0,"_bbp_anonymous_reply_count":0,"_bbp_topic_count_hidden":0,"_bbp_reply_count_hidden":0,"_bbp_forum_subforum_count":0,"footnotes":""},"categories":[117,29],"tags":[194,539,576],"class_list":["post-2856","post","type-post","status-publish","format-standard","has-post-thumbnail","hentry","category-blog-escola-santacecilia","category-portada","tag-boadella","tag-curs-24-25","tag-diari-de-la-llum"],"post_mailing_queue_ids":[],"_links":{"self":[{"href":"https:\/\/agora.xtec.cat\/zer-les-salines\/wp-json\/wp\/v2\/posts\/2856","targetHints":{"allow":["GET"]}}],"collection":[{"href":"https:\/\/agora.xtec.cat\/zer-les-salines\/wp-json\/wp\/v2\/posts"}],"about":[{"href":"https:\/\/agora.xtec.cat\/zer-les-salines\/wp-json\/wp\/v2\/types\/post"}],"author":[{"embeddable":true,"href":"https:\/\/agora.xtec.cat\/zer-les-salines\/wp-json\/wp\/v2\/users\/66"}],"replies":[{"embeddable":true,"href":"https:\/\/agora.xtec.cat\/zer-les-salines\/wp-json\/wp\/v2\/comments?post=2856"}],"version-history":[{"count":1,"href":"https:\/\/agora.xtec.cat\/zer-les-salines\/wp-json\/wp\/v2\/posts\/2856\/revisions"}],"predecessor-version":[{"id":2858,"href":"https:\/\/agora.xtec.cat\/zer-les-salines\/wp-json\/wp\/v2\/posts\/2856\/revisions\/2858"}],"wp:featuredmedia":[{"embeddable":true,"href":"https:\/\/agora.xtec.cat\/zer-les-salines\/wp-json\/wp\/v2\/media\/2857"}],"wp:attachment":[{"href":"https:\/\/agora.xtec.cat\/zer-les-salines\/wp-json\/wp\/v2\/media?parent=2856"}],"wp:term":[{"taxonomy":"category","embeddable":true,"href":"https:\/\/agora.xtec.cat\/zer-les-salines\/wp-json\/wp\/v2\/categories?post=2856"},{"taxonomy":"post_tag","embeddable":true,"href":"https:\/\/agora.xtec.cat\/zer-les-salines\/wp-json\/wp\/v2\/tags?post=2856"}],"curies":[{"name":"wp","href":"https:\/\/api.w.org\/{rel}","templated":true}]}}