{"id":2852,"date":"2025-06-11T22:40:45","date_gmt":"2025-06-11T20:40:45","guid":{"rendered":"https:\/\/agora.xtec.cat\/zer-les-salines\/?p=2852"},"modified":"2025-06-18T12:44:10","modified_gmt":"2025-06-18T10:44:10","slug":"mostra-floral-a-boadella","status":"publish","type":"post","link":"https:\/\/agora.xtec.cat\/zer-les-salines\/portada\/mostra-floral-a-boadella\/","title":{"rendered":"Mostra floral a Boadella"},"content":{"rendered":"\n<p>Quan la primavera \u00e9s esclat de vida en totes les formes possibles, els carrers de Boadella d\u2019Empord\u00e0 s\u2019omplen de creativitat i flors!&nbsp;<\/p>\n\n\n\n<p>Els ve\u00efns i ve\u00efnes de Boadella posen en joc les seves habilitats i sensibilitat per fer honor al maig florit. I quin goig!&nbsp;<\/p>\n\n\n\n<p>A l\u2019escola, com \u00e9s costum, ens vam afegir i, petits i grans, vam treballar conjuntament per embellir la fa\u00e7ana de l\u2019escola. Enguany la fa\u00e7ana, en rehabilitaci\u00f3, necessitava m\u00e9s que mai aquesta florida.&nbsp;<\/p>\n\n\n\n<figure class=\"wp-block-image size-large\"><a href=\"https:\/\/agora.xtec.cat\/zer-les-salines\/wp-content\/uploads\/usu1080\/2025\/06\/Mostra-floral-1-1.png\"><img loading=\"lazy\" decoding=\"async\" width=\"682\" height=\"1024\" src=\"https:\/\/agora.xtec.cat\/zer-les-salines\/wp-content\/uploads\/usu1080\/2025\/06\/Mostra-floral-1-1-682x1024.png\" alt=\"\" class=\"wp-image-2854\" srcset=\"https:\/\/agora.xtec.cat\/zer-les-salines\/wp-content\/uploads\/usu1080\/2025\/06\/Mostra-floral-1-1-682x1024.png 682w, https:\/\/agora.xtec.cat\/zer-les-salines\/wp-content\/uploads\/usu1080\/2025\/06\/Mostra-floral-1-1-200x300.png 200w, https:\/\/agora.xtec.cat\/zer-les-salines\/wp-content\/uploads\/usu1080\/2025\/06\/Mostra-floral-1-1-768x1152.png 768w, https:\/\/agora.xtec.cat\/zer-les-salines\/wp-content\/uploads\/usu1080\/2025\/06\/Mostra-floral-1-1-1024x1536.png 1024w, https:\/\/agora.xtec.cat\/zer-les-salines\/wp-content\/uploads\/usu1080\/2025\/06\/Mostra-floral-1-1.png 1333w\" sizes=\"auto, (max-width: 682px) 100vw, 682px\" \/><\/a><\/figure>\n\n\n\n<p><a href=\"https:\/\/drive.google.com\/drive\/folders\/1F5jp00onKu2X_l9HEQ77dZyGa32iOVMI?usp=drive_link\" data-type=\"link\" data-id=\"https:\/\/drive.google.com\/drive\/folders\/1F5jp00onKu2X_l9HEQ77dZyGa32iOVMI?usp=drive_link\">Aqu\u00ed<\/a> us deixem una mostra fotogr\u00e0fica del proc\u00e9s.<\/p>\n\n\n\n<p><\/p>\n","protected":false},"excerpt":{"rendered":"<p>Quan la primavera \u00e9s esclat de vida en totes les formes possibles, els carrers de Boadella d\u2019Empord\u00e0 s\u2019omplen de creativitat i flors!&nbsp;<\/p>\n<p>Els ve\u00efns i ve\u00efnes de Boadella posen en joc les seves habilitats i sensibilitat per fer honor al maig florit. I quin goig!&nbsp;<\/p>\n<p>A l\u2019escola,&hellip;  <a href=\"https:\/\/agora.xtec.cat\/zer-les-salines\/portada\/mostra-floral-a-boadella\/\" title=\"Read Mostra floral a Boadella\">Llegeix m\u00e9s\u00bb<\/a><\/p>\n","protected":false},"author":66,"featured_media":2853,"comment_status":"open","ping_status":"open","sticky":false,"template":"","format":"standard","meta":{"_bbp_topic_count":0,"_bbp_reply_count":0,"_bbp_total_topic_count":0,"_bbp_total_reply_count":0,"_bbp_voice_count":0,"_bbp_anonymous_reply_count":0,"_bbp_topic_count_hidden":0,"_bbp_reply_count_hidden":0,"_bbp_forum_subforum_count":0,"footnotes":""},"categories":[117,29],"tags":[194,539,575],"class_list":["post-2852","post","type-post","status-publish","format-standard","has-post-thumbnail","hentry","category-blog-escola-santacecilia","category-portada","tag-boadella","tag-curs-24-25","tag-mostra-floral"],"post_mailing_queue_ids":[],"_links":{"self":[{"href":"https:\/\/agora.xtec.cat\/zer-les-salines\/wp-json\/wp\/v2\/posts\/2852","targetHints":{"allow":["GET"]}}],"collection":[{"href":"https:\/\/agora.xtec.cat\/zer-les-salines\/wp-json\/wp\/v2\/posts"}],"about":[{"href":"https:\/\/agora.xtec.cat\/zer-les-salines\/wp-json\/wp\/v2\/types\/post"}],"author":[{"embeddable":true,"href":"https:\/\/agora.xtec.cat\/zer-les-salines\/wp-json\/wp\/v2\/users\/66"}],"replies":[{"embeddable":true,"href":"https:\/\/agora.xtec.cat\/zer-les-salines\/wp-json\/wp\/v2\/comments?post=2852"}],"version-history":[{"count":2,"href":"https:\/\/agora.xtec.cat\/zer-les-salines\/wp-json\/wp\/v2\/posts\/2852\/revisions"}],"predecessor-version":[{"id":2884,"href":"https:\/\/agora.xtec.cat\/zer-les-salines\/wp-json\/wp\/v2\/posts\/2852\/revisions\/2884"}],"wp:featuredmedia":[{"embeddable":true,"href":"https:\/\/agora.xtec.cat\/zer-les-salines\/wp-json\/wp\/v2\/media\/2853"}],"wp:attachment":[{"href":"https:\/\/agora.xtec.cat\/zer-les-salines\/wp-json\/wp\/v2\/media?parent=2852"}],"wp:term":[{"taxonomy":"category","embeddable":true,"href":"https:\/\/agora.xtec.cat\/zer-les-salines\/wp-json\/wp\/v2\/categories?post=2852"},{"taxonomy":"post_tag","embeddable":true,"href":"https:\/\/agora.xtec.cat\/zer-les-salines\/wp-json\/wp\/v2\/tags?post=2852"}],"curies":[{"name":"wp","href":"https:\/\/api.w.org\/{rel}","templated":true}]}}