{"id":2848,"date":"2025-06-11T22:35:05","date_gmt":"2025-06-11T20:35:05","guid":{"rendered":"https:\/\/agora.xtec.cat\/zer-les-salines\/?p=2848"},"modified":"2025-06-18T12:44:58","modified_gmt":"2025-06-18T10:44:58","slug":"diada-de-sant-jordi","status":"publish","type":"post","link":"https:\/\/agora.xtec.cat\/zer-les-salines\/portada\/diada-de-sant-jordi\/","title":{"rendered":"Diada de Sant Jordi"},"content":{"rendered":"\n<p>El passat dimecres 23 d&#8217;abril de 2025 a l&#8217;escola vam celebrar la diada de Sant Jordi duent a terme diferents activitats al llarg del dia.<\/p>\n\n\n\n<p>Al mat\u00ed vam fer activitats diverses com embolicar roses, visitar la parada i en aquesta gaudir de la lectura de diferents contes per part de la Merc\u00e8 i en Robert. A la tarda vam participar en un tastet de lectures presentades per la Dolors i la Joana. Despr\u00e9s va tenir lloc la inauguraci\u00f3 del nou espai de l&#8217;escola dedicat a la Biblioteca.<\/p>\n\n\n\n<p>La inauguraci\u00f3 de la Biblioteca va ser el plat fort del dia i vam convidar les fam\u00edlies per gaudir-hi tots plegats. Els alumnes d&#8217;infantil i cicle inicial, van recitar diferents poemes preparats pr\u00e8viament a l&#8217;aula. Per altra banda, els m\u00e9s grans de l&#8217;escola van recitar altres poemes i un conte dedicat als m\u00e9s petits. Finalment, ens vam regalar un punt de llibre creat per cadasc\u00fa de nosaltres a un altre company\/a per recordar que \u00e9s una eina que ens estimula i acompanya en l\u2019inter\u00e8s per la lectura.<\/p>\n\n\n\n<p>Feu clic <a href=\"https:\/\/drive.google.com\/drive\/folders\/1SrP3praNzYSR8EZSBNYHqWf6rYb8cOH3?usp=drive_link\" data-type=\"link\" data-id=\"https:\/\/drive.google.com\/drive\/folders\/1SrP3praNzYSR8EZSBNYHqWf6rYb8cOH3?usp=drive_link\">aqu\u00ed<\/a> per veure totes les imatges del dia.<\/p>\n\n\n\n<p><\/p>\n","protected":false},"excerpt":{"rendered":"<p>El passat dimecres 23 d&#8217;abril de 2025 a l&#8217;escola vam celebrar la diada de Sant Jordi duent a terme diferents activitats al llarg del dia.<\/p>\n<p>Al mat\u00ed vam fer activitats diverses com embolicar roses, visitar la parada i en aquesta gaudir de la lectura de diferents&hellip;  <a href=\"https:\/\/agora.xtec.cat\/zer-les-salines\/portada\/diada-de-sant-jordi\/\" title=\"Read Diada de Sant Jordi\">Llegeix m\u00e9s\u00bb<\/a><\/p>\n","protected":false},"author":66,"featured_media":2849,"comment_status":"open","ping_status":"open","sticky":false,"template":"","format":"standard","meta":{"_bbp_topic_count":0,"_bbp_reply_count":0,"_bbp_total_topic_count":0,"_bbp_total_reply_count":0,"_bbp_voice_count":0,"_bbp_anonymous_reply_count":0,"_bbp_topic_count_hidden":0,"_bbp_reply_count_hidden":0,"_bbp_forum_subforum_count":0,"footnotes":""},"categories":[117,29],"tags":[194,539,38],"class_list":["post-2848","post","type-post","status-publish","format-standard","has-post-thumbnail","hentry","category-blog-escola-santacecilia","category-portada","tag-boadella","tag-curs-24-25","tag-sant-jordi"],"post_mailing_queue_ids":[],"_links":{"self":[{"href":"https:\/\/agora.xtec.cat\/zer-les-salines\/wp-json\/wp\/v2\/posts\/2848","targetHints":{"allow":["GET"]}}],"collection":[{"href":"https:\/\/agora.xtec.cat\/zer-les-salines\/wp-json\/wp\/v2\/posts"}],"about":[{"href":"https:\/\/agora.xtec.cat\/zer-les-salines\/wp-json\/wp\/v2\/types\/post"}],"author":[{"embeddable":true,"href":"https:\/\/agora.xtec.cat\/zer-les-salines\/wp-json\/wp\/v2\/users\/66"}],"replies":[{"embeddable":true,"href":"https:\/\/agora.xtec.cat\/zer-les-salines\/wp-json\/wp\/v2\/comments?post=2848"}],"version-history":[{"count":3,"href":"https:\/\/agora.xtec.cat\/zer-les-salines\/wp-json\/wp\/v2\/posts\/2848\/revisions"}],"predecessor-version":[{"id":2885,"href":"https:\/\/agora.xtec.cat\/zer-les-salines\/wp-json\/wp\/v2\/posts\/2848\/revisions\/2885"}],"wp:featuredmedia":[{"embeddable":true,"href":"https:\/\/agora.xtec.cat\/zer-les-salines\/wp-json\/wp\/v2\/media\/2849"}],"wp:attachment":[{"href":"https:\/\/agora.xtec.cat\/zer-les-salines\/wp-json\/wp\/v2\/media?parent=2848"}],"wp:term":[{"taxonomy":"category","embeddable":true,"href":"https:\/\/agora.xtec.cat\/zer-les-salines\/wp-json\/wp\/v2\/categories?post=2848"},{"taxonomy":"post_tag","embeddable":true,"href":"https:\/\/agora.xtec.cat\/zer-les-salines\/wp-json\/wp\/v2\/tags?post=2848"}],"curies":[{"name":"wp","href":"https:\/\/api.w.org\/{rel}","templated":true}]}}