{"id":2839,"date":"2025-06-05T17:00:00","date_gmt":"2025-06-05T15:00:00","guid":{"rendered":"https:\/\/agora.xtec.cat\/zer-les-salines\/?p=2839"},"modified":"2025-06-09T14:04:46","modified_gmt":"2025-06-09T12:04:46","slug":"visitem-el-parc-de-bombers-de-figueres","status":"publish","type":"post","link":"https:\/\/agora.xtec.cat\/zer-les-salines\/general\/visitem-el-parc-de-bombers-de-figueres\/","title":{"rendered":"Visitem el parc de bombers de Figueres!"},"content":{"rendered":"\n<p>El passat 25 d\u2019abril vam anar a Figueres d\u2019excursi\u00f3. Al mat\u00ed vam visitar el parc de bombers, on ens van explicar en qu\u00e8 consisteix la seva feina, com es vesteixen i quins materials fan servir per apagar focs i ajudar la gent en situacions d\u2019emerg\u00e8ncia. Vam poder provar les m\u00e0negues, pujar al cami\u00f3 i fins i tot posar-nos el casc! Ens ho vam passar d\u2019all\u00f2 m\u00e9s b\u00e9 i vam aprendre moltes coses sobre aquest ofici.<\/p>\n\n\n\n<p>Despr\u00e9s, els alumnes d&#8217;I5 i de 1r vam anar a la biblioteca de Figueres, on ens hi esperava una estona tranquil\u00b7la i molt agradable entre contes. Ens van explicar el funcionament de la biblioteca, com podem agafar llibres en pr\u00e9stec i ens van explicar contes de tota mena! Tamb\u00e9 vam tenir una estona per mirar contes lliurement i descobrir hist\u00f2ries que no coneix\u00edem.<\/p>\n\n\n\n<p>Un cop acabada la visita, ens vam retrobar tots plegats per anar a dinar a un parc de Figueres, on vam compartir l\u2019estona de p\u00edcnic i vam tenir temps per jugar junts.<\/p>\n\n\n\n<p>Va ser un dia molt enriquidor, on vam aprendre moltes coses i vam refor\u00e7ar vincles entre infants de tota la ZER!<\/p>\n\n\n\n<p>Des <a href=\"https:\/\/drive.google.com\/drive\/folders\/1LdKnADOxIzAU-Xy8WABZd1ONq7td7vTd?usp=sharing\" data-type=\"link\" data-id=\"https:\/\/drive.google.com\/drive\/folders\/1LdKnADOxIzAU-Xy8WABZd1ONq7td7vTd?usp=sharing\">d&#8217;aqu\u00ed<\/a> podeu veure les imatges d&#8217;aquest dia! <\/p>\n\n\n\n<p><strong><sub>Recordeu que per visualitzar els v\u00eddeos heu d\u2019accedir amb l\u2019usuari i la contrasenya del domini de la ZER (@zerlessalines.cat)<\/sub><\/strong><\/p>\n\n\n\n<p><a href=\"https:\/\/agora.xtec.cat\/#facebook\" rel=\"noreferrer noopener\" target=\"_blank\"><\/a><\/p>\n","protected":false},"excerpt":{"rendered":"<p>El passat 25 d\u2019abril vam anar a Figueres d\u2019excursi\u00f3. Al mat\u00ed vam visitar el parc de bombers, on ens van explicar en qu\u00e8 consisteix la seva feina, com es vesteixen i quins materials fan servir per apagar focs i ajudar la gent en situacions d\u2019emerg\u00e8ncia.&hellip;  <a href=\"https:\/\/agora.xtec.cat\/zer-les-salines\/general\/visitem-el-parc-de-bombers-de-figueres\/\" title=\"Read Visitem el parc de bombers de Figueres!\">Llegeix m\u00e9s\u00bb<\/a><\/p>\n","protected":false},"author":97,"featured_media":2840,"comment_status":"open","ping_status":"open","sticky":false,"template":"","format":"standard","meta":{"_bbp_topic_count":0,"_bbp_reply_count":0,"_bbp_total_topic_count":0,"_bbp_total_reply_count":0,"_bbp_voice_count":0,"_bbp_anonymous_reply_count":0,"_bbp_topic_count_hidden":0,"_bbp_reply_count_hidden":0,"_bbp_forum_subforum_count":0,"footnotes":""},"categories":[125,1,29],"tags":[573,539,536,396],"class_list":["post-2839","post","type-post","status-publish","format-standard","has-post-thumbnail","hentry","category-activitatszer","category-general","category-portada","tag-bombers","tag-curs-24-25","tag-eici","tag-figueres"],"post_mailing_queue_ids":[],"_links":{"self":[{"href":"https:\/\/agora.xtec.cat\/zer-les-salines\/wp-json\/wp\/v2\/posts\/2839","targetHints":{"allow":["GET"]}}],"collection":[{"href":"https:\/\/agora.xtec.cat\/zer-les-salines\/wp-json\/wp\/v2\/posts"}],"about":[{"href":"https:\/\/agora.xtec.cat\/zer-les-salines\/wp-json\/wp\/v2\/types\/post"}],"author":[{"embeddable":true,"href":"https:\/\/agora.xtec.cat\/zer-les-salines\/wp-json\/wp\/v2\/users\/97"}],"replies":[{"embeddable":true,"href":"https:\/\/agora.xtec.cat\/zer-les-salines\/wp-json\/wp\/v2\/comments?post=2839"}],"version-history":[{"count":2,"href":"https:\/\/agora.xtec.cat\/zer-les-salines\/wp-json\/wp\/v2\/posts\/2839\/revisions"}],"predecessor-version":[{"id":2847,"href":"https:\/\/agora.xtec.cat\/zer-les-salines\/wp-json\/wp\/v2\/posts\/2839\/revisions\/2847"}],"wp:featuredmedia":[{"embeddable":true,"href":"https:\/\/agora.xtec.cat\/zer-les-salines\/wp-json\/wp\/v2\/media\/2840"}],"wp:attachment":[{"href":"https:\/\/agora.xtec.cat\/zer-les-salines\/wp-json\/wp\/v2\/media?parent=2839"}],"wp:term":[{"taxonomy":"category","embeddable":true,"href":"https:\/\/agora.xtec.cat\/zer-les-salines\/wp-json\/wp\/v2\/categories?post=2839"},{"taxonomy":"post_tag","embeddable":true,"href":"https:\/\/agora.xtec.cat\/zer-les-salines\/wp-json\/wp\/v2\/tags?post=2839"}],"curies":[{"name":"wp","href":"https:\/\/api.w.org\/{rel}","templated":true}]}}