{"id":2820,"date":"2025-06-02T20:33:30","date_gmt":"2025-06-02T18:33:30","guid":{"rendered":"https:\/\/agora.xtec.cat\/zer-les-salines\/?p=2820"},"modified":"2025-06-24T22:06:45","modified_gmt":"2025-06-24T20:06:45","slug":"sortida-de-primavera-amb-els-esquirols-di1-i-i2","status":"publish","type":"post","link":"https:\/\/agora.xtec.cat\/zer-les-salines\/portada\/sortida-de-primavera-amb-els-esquirols-di1-i-i2\/","title":{"rendered":"Sortida de PRIMAVERA d\u2019I1 i I2"},"content":{"rendered":"\n<p>El dimarts 27 de maig \u201cels esquirols\u201d vam sortir d\u2019excursi\u00f3 per fer una activitat de natura per gaudir de la PRIMAVERA! Vam fer una visita molt interessant al jard\u00ed de la Carme Viarnes Miranda, ve\u00efna ma\u00e7anetenca del poble.<\/p>\n\n\n\n<p>Primer de tot, vam esmorzar a la font del Sorrer i despr\u00e9s vam jugar una estona. A continuaci\u00f3, vam anar caminant fins a casa de la Carme. Vam poder veure un munt de flors i plantes de diferents formes i colors, la Carme ens va explicar moltes coses i ens va deixar agafar i olorar les\u00a0flors i les plantes arom\u00e0tiques. Ens va ensenyar com donava de menjar els ocells de bosc (algun pardal s\u2019hi va acostar) i vam poder regar el seu hort. Vam jugar i experimentar amb els p\u00e8tals de roses i vam menjar maduixetes de bosc!!! Fant\u00e0stic!!<\/p>\n\n\n\n<p>Va ser una sortida molt interessant i entretinguda i ens ho vam passar molt b\u00e9!<br>Gr\u00e0cies, Carme!! Molt agra\u00efts per tot i pel ram de roses que ens vas regalar!!<\/p>\n\n\n\n<p><a href=\"https:\/\/drive.google.com\/drive\/folders\/1fWN8X69M7kUWajTeKneNh2kF3e_YR4SB?usp=sharing\"><strong>V\u00cdDEOS DE LA SORTIDA (4)<\/strong><\/a><\/p>\n\n\n\n<p><a href=\"https:\/\/drive.google.com\/drive\/folders\/1wQHE_epUh0J-ic8AKZmlznkldMvRqTj6?usp=sharing\"><strong>FOTOGRAFIES DE LA SORTIDA<\/strong><\/a><\/p>\n\n\n\n<p><strong><em>Si voleu veure els v\u00eddeos i les fotografies premeu els enlla\u00e7os<\/em><\/strong><br><\/p>\n\n\n\n<p><\/p>\n\n\n\n<p><\/p>\n\n\n\n<p><\/p>\n\n\n\n<p><\/p>\n\n\n\n<p><\/p>\n\n\n\n<p><\/p>\n","protected":false},"excerpt":{"rendered":"<p>El dimarts 27 de maig \u201cels esquirols\u201d vam sortir d\u2019excursi\u00f3 per fer una activitat de natura per gaudir de la PRIMAVERA! Vam fer una visita molt interessant al jard\u00ed de la Carme Viarnes Miranda, ve\u00efna ma\u00e7anetenca del poble.<\/p>\n<p>Primer de tot, vam esmorzar a la font&hellip;  <a href=\"https:\/\/agora.xtec.cat\/zer-les-salines\/portada\/sortida-de-primavera-amb-els-esquirols-di1-i-i2\/\" title=\"Read Sortida de PRIMAVERA d\u2019I1 i I2\">Llegeix m\u00e9s\u00bb<\/a><\/p>\n","protected":false},"author":77,"featured_media":2838,"comment_status":"open","ping_status":"open","sticky":false,"template":"","format":"standard","meta":{"_bbp_topic_count":0,"_bbp_reply_count":0,"_bbp_total_topic_count":0,"_bbp_total_reply_count":0,"_bbp_voice_count":0,"_bbp_anonymous_reply_count":0,"_bbp_topic_count_hidden":0,"_bbp_reply_count_hidden":0,"_bbp_forum_subforum_count":0,"footnotes":""},"categories":[114,29],"tags":[539,459,458,508,527],"class_list":["post-2820","post","type-post","status-publish","format-standard","has-post-thumbnail","hentry","category-blog-escola-lessalines","category-portada","tag-curs-24-25","tag-infantil","tag-llar","tag-natura","tag-primavera"],"post_mailing_queue_ids":[],"_links":{"self":[{"href":"https:\/\/agora.xtec.cat\/zer-les-salines\/wp-json\/wp\/v2\/posts\/2820","targetHints":{"allow":["GET"]}}],"collection":[{"href":"https:\/\/agora.xtec.cat\/zer-les-salines\/wp-json\/wp\/v2\/posts"}],"about":[{"href":"https:\/\/agora.xtec.cat\/zer-les-salines\/wp-json\/wp\/v2\/types\/post"}],"author":[{"embeddable":true,"href":"https:\/\/agora.xtec.cat\/zer-les-salines\/wp-json\/wp\/v2\/users\/77"}],"replies":[{"embeddable":true,"href":"https:\/\/agora.xtec.cat\/zer-les-salines\/wp-json\/wp\/v2\/comments?post=2820"}],"version-history":[{"count":6,"href":"https:\/\/agora.xtec.cat\/zer-les-salines\/wp-json\/wp\/v2\/posts\/2820\/revisions"}],"predecessor-version":[{"id":2837,"href":"https:\/\/agora.xtec.cat\/zer-les-salines\/wp-json\/wp\/v2\/posts\/2820\/revisions\/2837"}],"wp:featuredmedia":[{"embeddable":true,"href":"https:\/\/agora.xtec.cat\/zer-les-salines\/wp-json\/wp\/v2\/media\/2838"}],"wp:attachment":[{"href":"https:\/\/agora.xtec.cat\/zer-les-salines\/wp-json\/wp\/v2\/media?parent=2820"}],"wp:term":[{"taxonomy":"category","embeddable":true,"href":"https:\/\/agora.xtec.cat\/zer-les-salines\/wp-json\/wp\/v2\/categories?post=2820"},{"taxonomy":"post_tag","embeddable":true,"href":"https:\/\/agora.xtec.cat\/zer-les-salines\/wp-json\/wp\/v2\/tags?post=2820"}],"curies":[{"name":"wp","href":"https:\/\/api.w.org\/{rel}","templated":true}]}}