{"id":2801,"date":"2025-05-25T19:00:00","date_gmt":"2025-05-25T17:00:00","guid":{"rendered":"https:\/\/agora.xtec.cat\/zer-les-salines\/?p=2801"},"modified":"2025-05-26T18:46:08","modified_gmt":"2025-05-26T16:46:08","slug":"colonies-ei-ci","status":"publish","type":"post","link":"https:\/\/agora.xtec.cat\/zer-les-salines\/portada\/colonies-ei-ci\/","title":{"rendered":"Col\u00f2nies EI\/CI"},"content":{"rendered":"\n<p>Els nens i nenes d\u2019educaci\u00f3 infantil i cicle inicial van passar uns dies plens d\u2019emocions a la casa de col\u00f2nies <em>El Vil\u00e0<\/em>, a Banyoles.<\/p>\n\n\n\n<p>Van fer activitats adaptades a la seva edat, van jugar sense parar, van descobrir l\u2019entorn natural, i han viscut la m\u00e0gia de les col\u00f2nies per primera vegada (o gaireb\u00e9!).<\/p>\n\n\n\n<p>Tamb\u00e9 han participat en tallers, han escoltat contes, han corregut per la natura i, com no podia faltar, han fet jocs de nit amb molta il\u00b7lusi\u00f3 i una mica de misteri!<\/p>\n\n\n\n<p>Aqu\u00ed podeu veure un recull d\u2019imatges:<br>\ud83d\udc49 <strong><a href=\"https:\/\/drive.google.com\/drive\/folders\/1-cOrWrmDwSqyMhCxWgcmlPk_D8iADVRc?usp=sharing\">Galeria de fotos de les col\u00f2nies<\/a><\/strong><\/p>\n\n\n\n<p><\/p>\n\n\n\n<p><strong><sub>Recordeu que per accedir a la galeria de fotos necessiteu l\u2019usuari del domini de zerlessalines.cat<\/sub><\/strong><\/p>\n","protected":false},"excerpt":{"rendered":"<p>Els nens i nenes d\u2019educaci\u00f3 infantil i cicle inicial van passar uns dies plens d\u2019emocions a la casa de col\u00f2nies El Vil\u00e0, a Banyoles.<\/p>\n<p>Van fer activitats adaptades a la seva edat, van jugar sense parar, van descobrir l\u2019entorn natural, i han viscut la m\u00e0gia de&hellip;  <a href=\"https:\/\/agora.xtec.cat\/zer-les-salines\/portada\/colonies-ei-ci\/\" title=\"Read Col\u00f2nies EI\/CI\">Llegeix m\u00e9s\u00bb<\/a><\/p>\n","protected":false},"author":1,"featured_media":2802,"comment_status":"open","ping_status":"open","sticky":false,"template":"","format":"standard","meta":{"_bbp_topic_count":0,"_bbp_reply_count":0,"_bbp_total_topic_count":0,"_bbp_total_reply_count":0,"_bbp_voice_count":0,"_bbp_anonymous_reply_count":0,"_bbp_topic_count_hidden":0,"_bbp_reply_count_hidden":0,"_bbp_forum_subforum_count":0,"footnotes":""},"categories":[125,29],"tags":[561,391,494,539],"class_list":["post-2801","post","type-post","status-publish","format-standard","has-post-thumbnail","hentry","category-activitatszer","category-portada","tag-banyoles","tag-colonies","tag-colonies-ei-ci","tag-curs-24-25"],"post_mailing_queue_ids":[],"_links":{"self":[{"href":"https:\/\/agora.xtec.cat\/zer-les-salines\/wp-json\/wp\/v2\/posts\/2801","targetHints":{"allow":["GET"]}}],"collection":[{"href":"https:\/\/agora.xtec.cat\/zer-les-salines\/wp-json\/wp\/v2\/posts"}],"about":[{"href":"https:\/\/agora.xtec.cat\/zer-les-salines\/wp-json\/wp\/v2\/types\/post"}],"author":[{"embeddable":true,"href":"https:\/\/agora.xtec.cat\/zer-les-salines\/wp-json\/wp\/v2\/users\/1"}],"replies":[{"embeddable":true,"href":"https:\/\/agora.xtec.cat\/zer-les-salines\/wp-json\/wp\/v2\/comments?post=2801"}],"version-history":[{"count":2,"href":"https:\/\/agora.xtec.cat\/zer-les-salines\/wp-json\/wp\/v2\/posts\/2801\/revisions"}],"predecessor-version":[{"id":2805,"href":"https:\/\/agora.xtec.cat\/zer-les-salines\/wp-json\/wp\/v2\/posts\/2801\/revisions\/2805"}],"wp:featuredmedia":[{"embeddable":true,"href":"https:\/\/agora.xtec.cat\/zer-les-salines\/wp-json\/wp\/v2\/media\/2802"}],"wp:attachment":[{"href":"https:\/\/agora.xtec.cat\/zer-les-salines\/wp-json\/wp\/v2\/media?parent=2801"}],"wp:term":[{"taxonomy":"category","embeddable":true,"href":"https:\/\/agora.xtec.cat\/zer-les-salines\/wp-json\/wp\/v2\/categories?post=2801"},{"taxonomy":"post_tag","embeddable":true,"href":"https:\/\/agora.xtec.cat\/zer-les-salines\/wp-json\/wp\/v2\/tags?post=2801"}],"curies":[{"name":"wp","href":"https:\/\/api.w.org\/{rel}","templated":true}]}}