{"id":2777,"date":"2025-04-09T16:12:15","date_gmt":"2025-04-09T14:12:15","guid":{"rendered":"https:\/\/agora.xtec.cat\/zer-les-salines\/?p=2777"},"modified":"2025-04-09T16:14:09","modified_gmt":"2025-04-09T14:14:09","slug":"ja-hem-arribat-2","status":"publish","type":"post","link":"https:\/\/agora.xtec.cat\/zer-les-salines\/general\/ja-hem-arribat-2\/","title":{"rendered":"Ja hem arribat!"},"content":{"rendered":"\n<p>L&#8217;alumnat d&#8217;educaci\u00f3 infantil i cicle inicial de la ZER Les Salines han marxat de col\u00f2nies a Banyoles i ja han arribat a la casa de col\u00f2nies El Vil\u00e0!<\/p>\n\n\n\n<p>En aquest <a href=\"https:\/\/drive.google.com\/drive\/folders\/1neJWpX1yBOClK-lFsnHDKsNDbL1wS63I\" data-type=\"link\" data-id=\"https:\/\/drive.google.com\/drive\/folders\/1neJWpX1yBOClK-lFsnHDKsNDbL1wS63I\">enlla\u00e7<\/a> podeu veure l&#8217;inici d&#8217;unes grans col\u00f2nies!<\/p>\n\n\n\n<p><strong><sub>Recordeu que per accedir a les fotografies necessiteu l&#8217;usuari de la zerlessalines.cat<\/sub><\/strong><\/p>\n","protected":false},"excerpt":{"rendered":"<p>L&#8217;alumnat d&#8217;educaci\u00f3 infantil i cicle inicial de la ZER Les Salines han marxat de col\u00f2nies a Banyoles i ja han arribat a la casa de col\u00f2nies El Vil\u00e0!<\/p>\n<p>En aquest <a href=\"https:\/\/drive.google.com\/drive\/folders\/1neJWpX1yBOClK-lFsnHDKsNDbL1wS63I\" data-type=\"link\" data-id=\"https:\/\/drive.google.com\/drive\/folders\/1neJWpX1yBOClK-lFsnHDKsNDbL1wS63I\">enlla\u00e7<\/a> podeu veure l&#8217;inici d&#8217;unes grans col\u00f2nies!<\/p>\n<p>Recordeu que per accedir a les fotografies&hellip;  <a href=\"https:\/\/agora.xtec.cat\/zer-les-salines\/general\/ja-hem-arribat-2\/\" title=\"Read Ja hem arribat!\">Llegeix m\u00e9s\u00bb<\/a><\/p>\n","protected":false},"author":1,"featured_media":2780,"comment_status":"open","ping_status":"open","sticky":false,"template":"","format":"standard","meta":{"_bbp_topic_count":0,"_bbp_reply_count":0,"_bbp_total_topic_count":0,"_bbp_total_reply_count":0,"_bbp_voice_count":0,"_bbp_anonymous_reply_count":0,"_bbp_topic_count_hidden":0,"_bbp_reply_count_hidden":0,"_bbp_forum_subforum_count":0,"footnotes":""},"categories":[125,1,29],"tags":[561,391,494,539],"class_list":["post-2777","post","type-post","status-publish","format-standard","has-post-thumbnail","hentry","category-activitatszer","category-general","category-portada","tag-banyoles","tag-colonies","tag-colonies-ei-ci","tag-curs-24-25"],"post_mailing_queue_ids":[],"_links":{"self":[{"href":"https:\/\/agora.xtec.cat\/zer-les-salines\/wp-json\/wp\/v2\/posts\/2777","targetHints":{"allow":["GET"]}}],"collection":[{"href":"https:\/\/agora.xtec.cat\/zer-les-salines\/wp-json\/wp\/v2\/posts"}],"about":[{"href":"https:\/\/agora.xtec.cat\/zer-les-salines\/wp-json\/wp\/v2\/types\/post"}],"author":[{"embeddable":true,"href":"https:\/\/agora.xtec.cat\/zer-les-salines\/wp-json\/wp\/v2\/users\/1"}],"replies":[{"embeddable":true,"href":"https:\/\/agora.xtec.cat\/zer-les-salines\/wp-json\/wp\/v2\/comments?post=2777"}],"version-history":[{"count":3,"href":"https:\/\/agora.xtec.cat\/zer-les-salines\/wp-json\/wp\/v2\/posts\/2777\/revisions"}],"predecessor-version":[{"id":2781,"href":"https:\/\/agora.xtec.cat\/zer-les-salines\/wp-json\/wp\/v2\/posts\/2777\/revisions\/2781"}],"wp:featuredmedia":[{"embeddable":true,"href":"https:\/\/agora.xtec.cat\/zer-les-salines\/wp-json\/wp\/v2\/media\/2780"}],"wp:attachment":[{"href":"https:\/\/agora.xtec.cat\/zer-les-salines\/wp-json\/wp\/v2\/media?parent=2777"}],"wp:term":[{"taxonomy":"category","embeddable":true,"href":"https:\/\/agora.xtec.cat\/zer-les-salines\/wp-json\/wp\/v2\/categories?post=2777"},{"taxonomy":"post_tag","embeddable":true,"href":"https:\/\/agora.xtec.cat\/zer-les-salines\/wp-json\/wp\/v2\/tags?post=2777"}],"curies":[{"name":"wp","href":"https:\/\/api.w.org\/{rel}","templated":true}]}}