{"id":2772,"date":"2025-04-10T20:00:00","date_gmt":"2025-04-10T18:00:00","guid":{"rendered":"https:\/\/agora.xtec.cat\/zer-les-salines\/?p=2772"},"modified":"2025-04-08T16:32:29","modified_gmt":"2025-04-08T14:32:29","slug":"colonies-cm-cs","status":"publish","type":"post","link":"https:\/\/agora.xtec.cat\/zer-les-salines\/portada\/colonies-cm-cs\/","title":{"rendered":"Col\u00f2nies CM\/CS"},"content":{"rendered":"\n<p>Els nens i nenes de <strong>cicle mitj\u00e0 i superior<\/strong> de la ZER Les Salines han passat uns dies genials a la <strong>casa de col\u00f2nies El Vil\u00e0<\/strong>, a Banyoles.<\/p>\n\n\n\n<p>Han fet activitats a l\u2019aire lliure, han compartit temps amb companys i companyes d\u2019altres escoles, han gaudit d\u2019un entorn espectacular, han fet tallers i jocs de nit!<\/p>\n\n\n\n<p>Aqu\u00ed podeu veure un recull d\u2019imatges que ho diuen tot:<br>\ud83d\udc49 <a href=\"https:\/\/drive.google.com\/drive\/folders\/1CPa0HXvseTytQ71Tc9vozYonyahX-SEO?usp=sharing\"><strong>Galeria de fotos de les col\u00f2nies<\/strong><\/a><\/p>\n\n\n\n<p>Unes col\u00f2nies rodones. Fins a la pr\u00f2xima!<\/p>\n\n\n\n<p><sub><strong>Recordeu que per accedir a la galeria de fotos necessiteu l&#8217;usuari del domini de zerlessalines.cat<\/strong><\/sub><\/p>\n\n\n\n<p><\/p>\n","protected":false},"excerpt":{"rendered":"<p>Els nens i nenes de cicle mitj\u00e0 i superior de la ZER Les Salines han passat uns dies genials a la casa de col\u00f2nies El Vil\u00e0, a Banyoles.<\/p>\n<p>Han fet activitats a l\u2019aire lliure, han compartit temps amb companys i companyes d\u2019altres escoles, han gaudit d\u2019un&hellip;  <a href=\"https:\/\/agora.xtec.cat\/zer-les-salines\/portada\/colonies-cm-cs\/\" title=\"Read Col\u00f2nies CM\/CS\">Llegeix m\u00e9s\u00bb<\/a><\/p>\n","protected":false},"author":1,"featured_media":2774,"comment_status":"open","ping_status":"open","sticky":false,"template":"","format":"standard","meta":{"_bbp_topic_count":0,"_bbp_reply_count":0,"_bbp_total_topic_count":0,"_bbp_total_reply_count":0,"_bbp_voice_count":0,"_bbp_anonymous_reply_count":0,"_bbp_topic_count_hidden":0,"_bbp_reply_count_hidden":0,"_bbp_forum_subforum_count":0,"footnotes":""},"categories":[125,29],"tags":[561,391,392,539,563],"class_list":["post-2772","post","type-post","status-publish","format-standard","has-post-thumbnail","hentry","category-activitatszer","category-portada","tag-banyoles","tag-colonies","tag-colonies-cmcs","tag-curs-24-25","tag-el-vila"],"post_mailing_queue_ids":[],"_links":{"self":[{"href":"https:\/\/agora.xtec.cat\/zer-les-salines\/wp-json\/wp\/v2\/posts\/2772","targetHints":{"allow":["GET"]}}],"collection":[{"href":"https:\/\/agora.xtec.cat\/zer-les-salines\/wp-json\/wp\/v2\/posts"}],"about":[{"href":"https:\/\/agora.xtec.cat\/zer-les-salines\/wp-json\/wp\/v2\/types\/post"}],"author":[{"embeddable":true,"href":"https:\/\/agora.xtec.cat\/zer-les-salines\/wp-json\/wp\/v2\/users\/1"}],"replies":[{"embeddable":true,"href":"https:\/\/agora.xtec.cat\/zer-les-salines\/wp-json\/wp\/v2\/comments?post=2772"}],"version-history":[{"count":2,"href":"https:\/\/agora.xtec.cat\/zer-les-salines\/wp-json\/wp\/v2\/posts\/2772\/revisions"}],"predecessor-version":[{"id":2776,"href":"https:\/\/agora.xtec.cat\/zer-les-salines\/wp-json\/wp\/v2\/posts\/2772\/revisions\/2776"}],"wp:featuredmedia":[{"embeddable":true,"href":"https:\/\/agora.xtec.cat\/zer-les-salines\/wp-json\/wp\/v2\/media\/2774"}],"wp:attachment":[{"href":"https:\/\/agora.xtec.cat\/zer-les-salines\/wp-json\/wp\/v2\/media?parent=2772"}],"wp:term":[{"taxonomy":"category","embeddable":true,"href":"https:\/\/agora.xtec.cat\/zer-les-salines\/wp-json\/wp\/v2\/categories?post=2772"},{"taxonomy":"post_tag","embeddable":true,"href":"https:\/\/agora.xtec.cat\/zer-les-salines\/wp-json\/wp\/v2\/tags?post=2772"}],"curies":[{"name":"wp","href":"https:\/\/api.w.org\/{rel}","templated":true}]}}