{"id":2769,"date":"2025-04-10T19:04:00","date_gmt":"2025-04-10T17:04:00","guid":{"rendered":"https:\/\/agora.xtec.cat\/zer-les-salines\/?p=2769"},"modified":"2025-04-07T13:26:38","modified_gmt":"2025-04-07T11:26:38","slug":"caramelles-a-macanet-de-cabrenys","status":"publish","type":"post","link":"https:\/\/agora.xtec.cat\/zer-les-salines\/portada\/caramelles-a-macanet-de-cabrenys\/","title":{"rendered":"Caramelles a Ma\u00e7anet de Cabrenys"},"content":{"rendered":"\n<p><span style=\"background-color: rgb(255, 255, 255);\">El pr\u00f2xim <\/span><strong>diumenge<\/strong><strong> 20 d\u2019abril a les 12 h<\/strong>, la <strong>pla\u00e7a de la Vila de Ma\u00e7anet de Cabrenys<\/strong> s\u2019omplir\u00e0 de m\u00fasica, somriures i tradici\u00f3 amb les <strong>Caramelles a c\u00e0rrec dels infants de l\u2019Escola Les Salines<\/strong>.<\/p>\n\n\n\n<p>L\u2019activitat est\u00e0 organitzada per l\u2019<strong>AFA de l\u2019Escola Les Salines<\/strong>, amb el suport de l\u2019Ajuntament de Ma\u00e7anet de Cabrenys i l\u2019associaci\u00f3 Acting.<\/p>\n\n\n\n<p>Us hi esperem a tots per compartir aquest moment festiu i donar suport als petits grans artistes que, amb les seves veus i entusiasme, fan cr\u00e9ixer la cultura popular del nostre territori! \ud83c\udf3c\ud83c\udfa4<\/p>\n\n\n\n<p><strong>No hi falteu!<\/strong><\/p>\n\n\n\n<figure class=\"wp-block-image size-large\"><a href=\"https:\/\/agora.xtec.cat\/zer-les-salines\/wp-content\/uploads\/usu1080\/2025\/04\/PHOTO-2025-03-31-22-54-19-1.jpg\"><img loading=\"lazy\" decoding=\"async\" width=\"724\" height=\"1024\" src=\"https:\/\/agora.xtec.cat\/zer-les-salines\/wp-content\/uploads\/usu1080\/2025\/04\/PHOTO-2025-03-31-22-54-19-1-724x1024.jpg\" alt=\"\" class=\"wp-image-2770\" srcset=\"https:\/\/agora.xtec.cat\/zer-les-salines\/wp-content\/uploads\/usu1080\/2025\/04\/PHOTO-2025-03-31-22-54-19-1-724x1024.jpg 724w, https:\/\/agora.xtec.cat\/zer-les-salines\/wp-content\/uploads\/usu1080\/2025\/04\/PHOTO-2025-03-31-22-54-19-1-212x300.jpg 212w, https:\/\/agora.xtec.cat\/zer-les-salines\/wp-content\/uploads\/usu1080\/2025\/04\/PHOTO-2025-03-31-22-54-19-1-768x1086.jpg 768w, https:\/\/agora.xtec.cat\/zer-les-salines\/wp-content\/uploads\/usu1080\/2025\/04\/PHOTO-2025-03-31-22-54-19-1-1086x1536.jpg 1086w, https:\/\/agora.xtec.cat\/zer-les-salines\/wp-content\/uploads\/usu1080\/2025\/04\/PHOTO-2025-03-31-22-54-19-1.jpg 1448w\" sizes=\"auto, (max-width: 724px) 100vw, 724px\" \/><\/a><\/figure>\n","protected":false},"excerpt":{"rendered":"<p>El pr\u00f2xim diumenge 20 d\u2019abril a les 12 h, la pla\u00e7a de la Vila de Ma\u00e7anet de Cabrenys s\u2019omplir\u00e0 de m\u00fasica, somriures i tradici\u00f3 amb les Caramelles a c\u00e0rrec dels infants de l\u2019Escola Les Salines.<\/p>\n<p>L\u2019activitat est\u00e0 organitzada per l\u2019AFA de l\u2019Escola Les Salines, amb el&hellip;  <a href=\"https:\/\/agora.xtec.cat\/zer-les-salines\/portada\/caramelles-a-macanet-de-cabrenys\/\" title=\"Read Caramelles a Ma\u00e7anet de Cabrenys\">Llegeix m\u00e9s\u00bb<\/a><\/p>\n","protected":false},"author":1,"featured_media":2770,"comment_status":"open","ping_status":"open","sticky":false,"template":"","format":"standard","meta":{"_bbp_topic_count":0,"_bbp_reply_count":0,"_bbp_total_topic_count":0,"_bbp_total_reply_count":0,"_bbp_voice_count":0,"_bbp_anonymous_reply_count":0,"_bbp_topic_count_hidden":0,"_bbp_reply_count_hidden":0,"_bbp_forum_subforum_count":0,"footnotes":""},"categories":[114,227,29],"tags":[562,539,374,409],"class_list":["post-2769","post","type-post","status-publish","format-standard","has-post-thumbnail","hentry","category-blog-escola-lessalines","category-families","category-portada","tag-caramelles","tag-curs-24-25","tag-escola-les-salines","tag-macanet-de-cabrenys"],"post_mailing_queue_ids":[],"_links":{"self":[{"href":"https:\/\/agora.xtec.cat\/zer-les-salines\/wp-json\/wp\/v2\/posts\/2769","targetHints":{"allow":["GET"]}}],"collection":[{"href":"https:\/\/agora.xtec.cat\/zer-les-salines\/wp-json\/wp\/v2\/posts"}],"about":[{"href":"https:\/\/agora.xtec.cat\/zer-les-salines\/wp-json\/wp\/v2\/types\/post"}],"author":[{"embeddable":true,"href":"https:\/\/agora.xtec.cat\/zer-les-salines\/wp-json\/wp\/v2\/users\/1"}],"replies":[{"embeddable":true,"href":"https:\/\/agora.xtec.cat\/zer-les-salines\/wp-json\/wp\/v2\/comments?post=2769"}],"version-history":[{"count":1,"href":"https:\/\/agora.xtec.cat\/zer-les-salines\/wp-json\/wp\/v2\/posts\/2769\/revisions"}],"predecessor-version":[{"id":2771,"href":"https:\/\/agora.xtec.cat\/zer-les-salines\/wp-json\/wp\/v2\/posts\/2769\/revisions\/2771"}],"wp:featuredmedia":[{"embeddable":true,"href":"https:\/\/agora.xtec.cat\/zer-les-salines\/wp-json\/wp\/v2\/media\/2770"}],"wp:attachment":[{"href":"https:\/\/agora.xtec.cat\/zer-les-salines\/wp-json\/wp\/v2\/media?parent=2769"}],"wp:term":[{"taxonomy":"category","embeddable":true,"href":"https:\/\/agora.xtec.cat\/zer-les-salines\/wp-json\/wp\/v2\/categories?post=2769"},{"taxonomy":"post_tag","embeddable":true,"href":"https:\/\/agora.xtec.cat\/zer-les-salines\/wp-json\/wp\/v2\/tags?post=2769"}],"curies":[{"name":"wp","href":"https:\/\/api.w.org\/{rel}","templated":true}]}}