{"id":2766,"date":"2025-03-31T13:49:05","date_gmt":"2025-03-31T11:49:05","guid":{"rendered":"https:\/\/agora.xtec.cat\/zer-les-salines\/?p=2766"},"modified":"2025-03-31T13:49:07","modified_gmt":"2025-03-31T11:49:07","slug":"ja-hem-arribat","status":"publish","type":"post","link":"https:\/\/agora.xtec.cat\/zer-les-salines\/portada\/ja-hem-arribat\/","title":{"rendered":"Ja hem arribat!"},"content":{"rendered":"\n<p>L&#8217;alumnat de cicle mitj\u00e0 i cicle superior de la ZER Les Salines han marxat de col\u00f2nies a Banyoles i ja han arribat a la casa de col\u00f2nies El Vil\u00e0! <\/p>\n\n\n\n<p>En aquest <a href=\"https:\/\/drive.google.com\/drive\/folders\/1CPa0HXvseTytQ71Tc9vozYonyahX-SEO?usp=sharing\">enlla\u00e7 <\/a>podeu veure les seves cares de felicitat i com els acompanya un dia ben bonic.<\/p>\n\n\n\n<p><strong><sub>Recordeu que per accedir a les fotografies necessiteu l&#8217;usuari de la zerlessalines.cat<\/sub><\/strong><\/p>\n","protected":false},"excerpt":{"rendered":"<p>L&#8217;alumnat de cicle mitj\u00e0 i cicle superior de la ZER Les Salines han marxat de col\u00f2nies a Banyoles i ja han arribat a la casa de col\u00f2nies El Vil\u00e0! <\/p>\n<p>En aquest <a href=\"https:\/\/drive.google.com\/drive\/folders\/1CPa0HXvseTytQ71Tc9vozYonyahX-SEO?usp=sharing\">enlla\u00e7 <\/a>podeu veure les seves cares de felicitat i com els acompanya un&hellip;  <a href=\"https:\/\/agora.xtec.cat\/zer-les-salines\/portada\/ja-hem-arribat\/\" title=\"Read Ja hem arribat!\">Llegeix m\u00e9s\u00bb<\/a><\/p>\n","protected":false},"author":1,"featured_media":2767,"comment_status":"open","ping_status":"open","sticky":false,"template":"","format":"standard","meta":{"_bbp_topic_count":0,"_bbp_reply_count":0,"_bbp_total_topic_count":0,"_bbp_total_reply_count":0,"_bbp_voice_count":0,"_bbp_anonymous_reply_count":0,"_bbp_topic_count_hidden":0,"_bbp_reply_count_hidden":0,"_bbp_forum_subforum_count":0,"footnotes":""},"categories":[125,29],"tags":[561,391,539],"class_list":["post-2766","post","type-post","status-publish","format-standard","has-post-thumbnail","hentry","category-activitatszer","category-portada","tag-banyoles","tag-colonies","tag-curs-24-25"],"post_mailing_queue_ids":[],"_links":{"self":[{"href":"https:\/\/agora.xtec.cat\/zer-les-salines\/wp-json\/wp\/v2\/posts\/2766","targetHints":{"allow":["GET"]}}],"collection":[{"href":"https:\/\/agora.xtec.cat\/zer-les-salines\/wp-json\/wp\/v2\/posts"}],"about":[{"href":"https:\/\/agora.xtec.cat\/zer-les-salines\/wp-json\/wp\/v2\/types\/post"}],"author":[{"embeddable":true,"href":"https:\/\/agora.xtec.cat\/zer-les-salines\/wp-json\/wp\/v2\/users\/1"}],"replies":[{"embeddable":true,"href":"https:\/\/agora.xtec.cat\/zer-les-salines\/wp-json\/wp\/v2\/comments?post=2766"}],"version-history":[{"count":1,"href":"https:\/\/agora.xtec.cat\/zer-les-salines\/wp-json\/wp\/v2\/posts\/2766\/revisions"}],"predecessor-version":[{"id":2768,"href":"https:\/\/agora.xtec.cat\/zer-les-salines\/wp-json\/wp\/v2\/posts\/2766\/revisions\/2768"}],"wp:featuredmedia":[{"embeddable":true,"href":"https:\/\/agora.xtec.cat\/zer-les-salines\/wp-json\/wp\/v2\/media\/2767"}],"wp:attachment":[{"href":"https:\/\/agora.xtec.cat\/zer-les-salines\/wp-json\/wp\/v2\/media?parent=2766"}],"wp:term":[{"taxonomy":"category","embeddable":true,"href":"https:\/\/agora.xtec.cat\/zer-les-salines\/wp-json\/wp\/v2\/categories?post=2766"},{"taxonomy":"post_tag","embeddable":true,"href":"https:\/\/agora.xtec.cat\/zer-les-salines\/wp-json\/wp\/v2\/tags?post=2766"}],"curies":[{"name":"wp","href":"https:\/\/api.w.org\/{rel}","templated":true}]}}