{"id":2733,"date":"2025-03-24T17:00:00","date_gmt":"2025-03-24T16:00:00","guid":{"rendered":"https:\/\/agora.xtec.cat\/zer-les-salines\/?p=2733"},"modified":"2025-03-20T14:11:08","modified_gmt":"2025-03-20T13:11:08","slug":"el-correcull-arriba-a-macanet","status":"publish","type":"post","link":"https:\/\/agora.xtec.cat\/zer-les-salines\/portada\/el-correcull-arriba-a-macanet\/","title":{"rendered":"El Correcull arriba a Ma\u00e7anet!"},"content":{"rendered":"\n<p>El passat dimarts 18 de mar\u00e7, els alumnes de prim\u00e0ria van fer la sortida del Correcull, una proposta educativa impulsada des de Su\u00e8cia que combina l\u2019activitat f\u00edsica amb el respecte pel medi ambient, sota el lema: <em>un repte que intenta canviar el m\u00f3n<\/em>.<\/p>\n\n\n\n<p>Durant el recorregut, els infants van descobrir l\u2019entorn mentre recollien les deixalles que s\u2019anaven trobant. Al llarg del cam\u00ed, van anar omplint bosses amb residus que trobaven, demostrant un gran comprom\u00eds amb la natura. En total, es van recollir <strong>23,15 kg de deixalles<\/strong>!<\/p>\n\n\n\n<p>Pels qui vulgueu saber la ruta que vam seguir, aqu\u00ed us deixem l\u2019enlla\u00e7: <a href=\"https:\/\/ca.wikiloc.com\/rutes-senderisme\/escola-les-salines-projecte-correcull-205300215\" target=\"_blank\" rel=\"noreferrer noopener\">https:\/\/ca.wikiloc.com\/rutes-senderisme\/escola-les-salines-projecte-correcull-205300215<\/a><\/p>\n\n\n\n<p>Aquestes activitats ens ajuden a prendre consci\u00e8ncia de la import\u00e0ncia de cuidar el nostre entorn mentre fem esport. <strong>Felicitats a tots i totes les participants per la gran feina feta!<\/strong> \ud83d\udc9a\ud83d\udc4f<\/p>\n\n\n\n<p>A <a href=\"https:\/\/drive.google.com\/drive\/folders\/18oxyOdMkIbK1UVtEFwZpxfVg04jWyItn?usp=drive_link\">l&#8217;enlla\u00e7<\/a> hi trobareu algunes imatges d&#8217;aquest dia.  <\/p>\n\n\n\n<p><strong><sup>Recordeu que nom\u00e9s hi podeu accedir amb l\u2019usuari de la zerlessalines.cat<\/sup><\/strong><\/p>\n\n\n\n<p><a href=\"https:\/\/agora.xtec.cat\/#facebook\" rel=\"noreferrer noopener\" target=\"_blank\"><\/a><\/p>\n","protected":false},"excerpt":{"rendered":"<p>El passat dimarts 18 de mar\u00e7, els alumnes de prim\u00e0ria van fer la sortida del Correcull, una proposta educativa impulsada des de Su\u00e8cia que combina l\u2019activitat f\u00edsica amb el respecte pel medi ambient, sota el lema: un repte que intenta canviar el m\u00f3n.<\/p>\n<p>Durant el recorregut,&hellip;  <a href=\"https:\/\/agora.xtec.cat\/zer-les-salines\/portada\/el-correcull-arriba-a-macanet\/\" title=\"Read El Correcull arriba a Ma\u00e7anet!\">Llegeix m\u00e9s\u00bb<\/a><\/p>\n","protected":false},"author":97,"featured_media":2738,"comment_status":"open","ping_status":"open","sticky":false,"template":"","format":"standard","meta":{"_bbp_topic_count":0,"_bbp_reply_count":0,"_bbp_total_topic_count":0,"_bbp_total_reply_count":0,"_bbp_voice_count":0,"_bbp_anonymous_reply_count":0,"_bbp_topic_count_hidden":0,"_bbp_reply_count_hidden":0,"_bbp_forum_subforum_count":0,"footnotes":""},"categories":[114,29],"tags":[539,374],"class_list":["post-2733","post","type-post","status-publish","format-standard","has-post-thumbnail","hentry","category-blog-escola-lessalines","category-portada","tag-curs-24-25","tag-escola-les-salines"],"post_mailing_queue_ids":[],"_links":{"self":[{"href":"https:\/\/agora.xtec.cat\/zer-les-salines\/wp-json\/wp\/v2\/posts\/2733","targetHints":{"allow":["GET"]}}],"collection":[{"href":"https:\/\/agora.xtec.cat\/zer-les-salines\/wp-json\/wp\/v2\/posts"}],"about":[{"href":"https:\/\/agora.xtec.cat\/zer-les-salines\/wp-json\/wp\/v2\/types\/post"}],"author":[{"embeddable":true,"href":"https:\/\/agora.xtec.cat\/zer-les-salines\/wp-json\/wp\/v2\/users\/97"}],"replies":[{"embeddable":true,"href":"https:\/\/agora.xtec.cat\/zer-les-salines\/wp-json\/wp\/v2\/comments?post=2733"}],"version-history":[{"count":1,"href":"https:\/\/agora.xtec.cat\/zer-les-salines\/wp-json\/wp\/v2\/posts\/2733\/revisions"}],"predecessor-version":[{"id":2739,"href":"https:\/\/agora.xtec.cat\/zer-les-salines\/wp-json\/wp\/v2\/posts\/2733\/revisions\/2739"}],"wp:featuredmedia":[{"embeddable":true,"href":"https:\/\/agora.xtec.cat\/zer-les-salines\/wp-json\/wp\/v2\/media\/2738"}],"wp:attachment":[{"href":"https:\/\/agora.xtec.cat\/zer-les-salines\/wp-json\/wp\/v2\/media?parent=2733"}],"wp:term":[{"taxonomy":"category","embeddable":true,"href":"https:\/\/agora.xtec.cat\/zer-les-salines\/wp-json\/wp\/v2\/categories?post=2733"},{"taxonomy":"post_tag","embeddable":true,"href":"https:\/\/agora.xtec.cat\/zer-les-salines\/wp-json\/wp\/v2\/tags?post=2733"}],"curies":[{"name":"wp","href":"https:\/\/api.w.org\/{rel}","templated":true}]}}