{"id":2724,"date":"2025-03-18T22:07:03","date_gmt":"2025-03-18T21:07:03","guid":{"rendered":"https:\/\/agora.xtec.cat\/zer-les-salines\/?p=2724"},"modified":"2025-06-18T12:46:17","modified_gmt":"2025-06-18T10:46:17","slug":"elaborem-la-nostra-mascara-de-carnaval","status":"publish","type":"post","link":"https:\/\/agora.xtec.cat\/zer-les-salines\/portada\/elaborem-la-nostra-mascara-de-carnaval\/","title":{"rendered":"Elaborem la nostra m\u00e0scara de Carnaval!"},"content":{"rendered":"\n<p>Aquest any per carnaval a l&#8217;Escola Santa Cec\u00edlia de Boadella hem decidit entre tots elaborar cadasc\u00fa la seva m\u00e0scara casolana utilitzant diversos materials i seguint tots el mateix patr\u00f3. <\/p>\n\n\n\n<p>Primer vam escollir com la vol\u00edem fer cadasc\u00fa i llavors en un full vam elaborar un esb\u00f3s. Van sortir idees molt originals i dibuixos molt curosos i detallats. Despr\u00e9s vam demanar a l&#8217;Albert que ens fes una visita i d&#8217;aquesta manera fer-nos cinc c\u00e8ntims dels tipus de m\u00e0scares i materials, per tal d&#8217;escollir la manera en qu\u00e8 far\u00edem les nostres. Tamb\u00e9 li vam mostrar les nostres idees i esbossos perqu\u00e8 ens pogu\u00e9s donar un cop de m\u00e0.<\/p>\n\n\n\n<p>Durant la setmana de carnaval vam donar pas a l&#8217;elaboraci\u00f3 de les m\u00e0scares a l&#8217;aula, seguint els passos i mantenint els tempos vam aconseguir donar forma a all\u00f2 que hav\u00edem imaginat. Per \u00faltim, el divendres a la tarda vam presentar-les a les fam\u00edlies.<\/p>\n\n\n\n<figure class=\"wp-block-image size-large\"><a href=\"https:\/\/agora.xtec.cat\/zer-les-salines\/wp-content\/uploads\/usu1080\/2025\/03\/IMG-20250318-WA00031-1.jpg\"><img loading=\"lazy\" decoding=\"async\" width=\"1024\" height=\"769\" src=\"https:\/\/agora.xtec.cat\/zer-les-salines\/wp-content\/uploads\/usu1080\/2025\/03\/IMG-20250318-WA00031-1-1024x769.jpg\" alt=\"\" class=\"wp-image-2730\" srcset=\"https:\/\/agora.xtec.cat\/zer-les-salines\/wp-content\/uploads\/usu1080\/2025\/03\/IMG-20250318-WA00031-1-1024x769.jpg 1024w, https:\/\/agora.xtec.cat\/zer-les-salines\/wp-content\/uploads\/usu1080\/2025\/03\/IMG-20250318-WA00031-1-300x225.jpg 300w, https:\/\/agora.xtec.cat\/zer-les-salines\/wp-content\/uploads\/usu1080\/2025\/03\/IMG-20250318-WA00031-1-768x577.jpg 768w, https:\/\/agora.xtec.cat\/zer-les-salines\/wp-content\/uploads\/usu1080\/2025\/03\/IMG-20250318-WA00031-1-200x150.jpg 200w, https:\/\/agora.xtec.cat\/zer-les-salines\/wp-content\/uploads\/usu1080\/2025\/03\/IMG-20250318-WA00031-1.jpg 1170w\" sizes=\"auto, (max-width: 1024px) 100vw, 1024px\" \/><\/a><\/figure>\n\n\n\n<p><a href=\"https:\/\/drive.google.com\/drive\/folders\/1IdR0pWFzW-fZvKG_EeyLzFlNyjy67Ou3?usp=drive_link\">Aqu\u00ed<\/a> podeu veure algunes de les imatges del proc\u00e9s.<\/p>\n\n\n\n<p><\/p>\n","protected":false},"excerpt":{"rendered":"<p>Aquest any per carnaval a l&#8217;Escola Santa Cec\u00edlia de Boadella hem decidit entre tots elaborar cadasc\u00fa la seva m\u00e0scara casolana utilitzant diversos materials i seguint tots el mateix patr\u00f3. <\/p>\n<p>Primer vam escollir com la vol\u00edem fer cadasc\u00fa i llavors en un full vam elaborar un&hellip;  <a href=\"https:\/\/agora.xtec.cat\/zer-les-salines\/portada\/elaborem-la-nostra-mascara-de-carnaval\/\" title=\"Read Elaborem la nostra m\u00e0scara de Carnaval!\">Llegeix m\u00e9s\u00bb<\/a><\/p>\n","protected":false},"author":66,"featured_media":2729,"comment_status":"open","ping_status":"open","sticky":false,"template":"","format":"standard","meta":{"_bbp_topic_count":0,"_bbp_reply_count":0,"_bbp_total_topic_count":0,"_bbp_total_reply_count":0,"_bbp_voice_count":0,"_bbp_anonymous_reply_count":0,"_bbp_topic_count_hidden":0,"_bbp_reply_count_hidden":0,"_bbp_forum_subforum_count":0,"footnotes":""},"categories":[117,29],"tags":[194,517,539],"class_list":["post-2724","post","type-post","status-publish","format-standard","has-post-thumbnail","hentry","category-blog-escola-santacecilia","category-portada","tag-boadella","tag-carnaval","tag-curs-24-25"],"post_mailing_queue_ids":[],"_links":{"self":[{"href":"https:\/\/agora.xtec.cat\/zer-les-salines\/wp-json\/wp\/v2\/posts\/2724","targetHints":{"allow":["GET"]}}],"collection":[{"href":"https:\/\/agora.xtec.cat\/zer-les-salines\/wp-json\/wp\/v2\/posts"}],"about":[{"href":"https:\/\/agora.xtec.cat\/zer-les-salines\/wp-json\/wp\/v2\/types\/post"}],"author":[{"embeddable":true,"href":"https:\/\/agora.xtec.cat\/zer-les-salines\/wp-json\/wp\/v2\/users\/66"}],"replies":[{"embeddable":true,"href":"https:\/\/agora.xtec.cat\/zer-les-salines\/wp-json\/wp\/v2\/comments?post=2724"}],"version-history":[{"count":5,"href":"https:\/\/agora.xtec.cat\/zer-les-salines\/wp-json\/wp\/v2\/posts\/2724\/revisions"}],"predecessor-version":[{"id":2886,"href":"https:\/\/agora.xtec.cat\/zer-les-salines\/wp-json\/wp\/v2\/posts\/2724\/revisions\/2886"}],"wp:featuredmedia":[{"embeddable":true,"href":"https:\/\/agora.xtec.cat\/zer-les-salines\/wp-json\/wp\/v2\/media\/2729"}],"wp:attachment":[{"href":"https:\/\/agora.xtec.cat\/zer-les-salines\/wp-json\/wp\/v2\/media?parent=2724"}],"wp:term":[{"taxonomy":"category","embeddable":true,"href":"https:\/\/agora.xtec.cat\/zer-les-salines\/wp-json\/wp\/v2\/categories?post=2724"},{"taxonomy":"post_tag","embeddable":true,"href":"https:\/\/agora.xtec.cat\/zer-les-salines\/wp-json\/wp\/v2\/tags?post=2724"}],"curies":[{"name":"wp","href":"https:\/\/api.w.org\/{rel}","templated":true}]}}