{"id":2719,"date":"2025-03-11T13:27:21","date_gmt":"2025-03-11T12:27:21","guid":{"rendered":"https:\/\/agora.xtec.cat\/zer-les-salines\/?p=2719"},"modified":"2025-03-11T13:27:23","modified_gmt":"2025-03-11T12:27:23","slug":"carnaval-a-macanet-de-cabrenys","status":"publish","type":"post","link":"https:\/\/agora.xtec.cat\/zer-les-salines\/portada\/carnaval-a-macanet-de-cabrenys\/","title":{"rendered":"Carnaval a Ma\u00e7anet de Cabrenys"},"content":{"rendered":"\n<p>El pr\u00f2xim <strong>15 de mar\u00e7<\/strong> arriba el <strong>Carnaval de Ma\u00e7anet de Cabrenys<\/strong>, una jornada plena de diversi\u00f3 i disfresses per a grans i petits!<\/p>\n\n\n\n<p>\ud83c\udfad <strong>Carnaval Infantil<\/strong>: A les <strong>16:30 h<\/strong> a la pla\u00e7a de la Vila, els m\u00e9s petits podran gaudir d&#8217;una tarda festiva plena d&#8217;alegria i colors. Despr\u00e9s de la festa, la diversi\u00f3 continuar\u00e0 amb <strong>la Tropi a la rectoria<\/strong>.<\/p>\n\n\n\n<p>\ud83c\udf89 <strong>Rua de Carnaval<\/strong>: A les <strong>22:00 h<\/strong>, les carrosses sortiran de l&#8217;aparcament de la <strong>Torre de l&#8217;Hospital<\/strong> per rec\u00f3rrer els carrers del poble.<\/p>\n\n\n\n<p>\ud83c\udfb6 <strong>Gran Ball de Disfresses<\/strong>: En acabar la rua, la festa seguir\u00e0 a la <strong>Sala d&#8217;espectacles<\/strong> amb <strong>Kintus i DJ<\/strong>, que animaran la nit amb la millor m\u00fasica!<\/p>\n\n\n\n<p>\ud83d\udcc5 <strong>Inscripcions per a la rua obertes fins al 13 de mar\u00e7 a l&#8217;Ajuntament.<\/strong><\/p>\n\n\n\n<p>Organitza: <strong>Comissi\u00f3 de festes<\/strong> amb la col\u00b7laboraci\u00f3 de l&#8217;<strong>Ajuntament de Ma\u00e7anet de Cabrenys<\/strong>.<\/p>\n\n\n\n<p>Us hi esperem amb les vostres millors disfresses per viure un carnaval inoblidable!<\/p>\n","protected":false},"excerpt":{"rendered":"<p>El pr\u00f2xim 15 de mar\u00e7 arriba el Carnaval de Ma\u00e7anet de Cabrenys, una jornada plena de diversi\u00f3 i disfresses per a grans i petits!<\/p>\n<p>\ud83c\udfad Carnaval Infantil: A les 16:30 h a la pla\u00e7a de la Vila, els m\u00e9s petits podran gaudir d&#8217;una tarda festiva plena&hellip;  <a href=\"https:\/\/agora.xtec.cat\/zer-les-salines\/portada\/carnaval-a-macanet-de-cabrenys\/\" title=\"Read Carnaval a Ma\u00e7anet de Cabrenys\">Llegeix m\u00e9s\u00bb<\/a><\/p>\n","protected":false},"author":3,"featured_media":2720,"comment_status":"open","ping_status":"open","sticky":false,"template":"","format":"standard","meta":{"_bbp_topic_count":0,"_bbp_reply_count":0,"_bbp_total_topic_count":0,"_bbp_total_reply_count":0,"_bbp_voice_count":0,"_bbp_anonymous_reply_count":0,"_bbp_topic_count_hidden":0,"_bbp_reply_count_hidden":0,"_bbp_forum_subforum_count":0,"footnotes":""},"categories":[114,227,29],"tags":[517,539],"class_list":["post-2719","post","type-post","status-publish","format-standard","has-post-thumbnail","hentry","category-blog-escola-lessalines","category-families","category-portada","tag-carnaval","tag-curs-24-25"],"post_mailing_queue_ids":[],"_links":{"self":[{"href":"https:\/\/agora.xtec.cat\/zer-les-salines\/wp-json\/wp\/v2\/posts\/2719","targetHints":{"allow":["GET"]}}],"collection":[{"href":"https:\/\/agora.xtec.cat\/zer-les-salines\/wp-json\/wp\/v2\/posts"}],"about":[{"href":"https:\/\/agora.xtec.cat\/zer-les-salines\/wp-json\/wp\/v2\/types\/post"}],"author":[{"embeddable":true,"href":"https:\/\/agora.xtec.cat\/zer-les-salines\/wp-json\/wp\/v2\/users\/3"}],"replies":[{"embeddable":true,"href":"https:\/\/agora.xtec.cat\/zer-les-salines\/wp-json\/wp\/v2\/comments?post=2719"}],"version-history":[{"count":1,"href":"https:\/\/agora.xtec.cat\/zer-les-salines\/wp-json\/wp\/v2\/posts\/2719\/revisions"}],"predecessor-version":[{"id":2721,"href":"https:\/\/agora.xtec.cat\/zer-les-salines\/wp-json\/wp\/v2\/posts\/2719\/revisions\/2721"}],"wp:featuredmedia":[{"embeddable":true,"href":"https:\/\/agora.xtec.cat\/zer-les-salines\/wp-json\/wp\/v2\/media\/2720"}],"wp:attachment":[{"href":"https:\/\/agora.xtec.cat\/zer-les-salines\/wp-json\/wp\/v2\/media?parent=2719"}],"wp:term":[{"taxonomy":"category","embeddable":true,"href":"https:\/\/agora.xtec.cat\/zer-les-salines\/wp-json\/wp\/v2\/categories?post=2719"},{"taxonomy":"post_tag","embeddable":true,"href":"https:\/\/agora.xtec.cat\/zer-les-salines\/wp-json\/wp\/v2\/tags?post=2719"}],"curies":[{"name":"wp","href":"https:\/\/api.w.org\/{rel}","templated":true}]}}