{"id":2716,"date":"2025-03-10T19:00:00","date_gmt":"2025-03-10T18:00:00","guid":{"rendered":"https:\/\/agora.xtec.cat\/zer-les-salines\/?p=2716"},"modified":"2025-03-10T09:33:55","modified_gmt":"2025-03-10T08:33:55","slug":"dijous-gras-amb-el-projecte-correcull","status":"publish","type":"post","link":"https:\/\/agora.xtec.cat\/zer-les-salines\/portada\/dijous-gras-amb-el-projecte-correcull\/","title":{"rendered":"Dijous gras amb el projecte Correcull"},"content":{"rendered":"\n<p>El passat dijous 27 de febrer, Dijous Gras, l&#8217;alumnat de Boadella i Biure van participar en una sortida molt especial dins del projecte <em>Correcull<\/em>. Durant el recorregut pel terme municipal de Biure, vam combinar la descoberta del nostre entorn amb una acci\u00f3 de cura del medi ambient: la recollida de deixalles.<\/p>\n\n\n\n<p>Al llarg del cam\u00ed, els infants van anar recollint residus que trobaven, fent una gran tasca de neteja i conscienciaci\u00f3. Despr\u00e9s d&#8217;una caminada enriquidora, vam dinar al mirador del b\u00fanquer Observatori, gaudint de les vistes i la natura.<\/p>\n\n\n\n<p>En tornar a l&#8217;escola, vam pesar les bosses de deixalles recollides i els resultats van estar sorprenents: un total de 22,25 kg de residus generals, tres pneum\u00e0tics (26,55 kg), i un tub de metall que no hem pogut pesar.<\/p>\n\n\n\n<p>Aquest tipus d&#8217;activitats ens ajuden a prendre consci\u00e8ncia de la import\u00e0ncia de mantenir el nostre entorn net i cuidar la natura, tot fent activitat f\u00edsica. Gr\u00e0cies a tots els participants per l&#8217;esfor\u00e7 i la implicaci\u00f3!<\/p>\n\n\n\n<p>A <a href=\"https:\/\/drive.google.com\/drive\/folders\/1whTGpn2B9PbTOBOodT2-c6Gv5krCDTiI?usp=sharing\">l&#8217;enlla\u00e7 <\/a>podeu veure algunes de les imatges de la jornada.<\/p>\n\n\n\n<p><strong><sup>Recordeu que nom\u00e9s hi podeu accedir amb l&#8217;usuari de la zerlessalines.cat<\/sup><\/strong><\/p>\n","protected":false},"excerpt":{"rendered":"<p>El passat dijous 27 de febrer, Dijous Gras, l&#8217;alumnat de Boadella i Biure van participar en una sortida molt especial dins del projecte Correcull. Durant el recorregut pel terme municipal de Biure, vam combinar la descoberta del nostre entorn amb una acci\u00f3 de cura del&hellip;  <a href=\"https:\/\/agora.xtec.cat\/zer-les-salines\/portada\/dijous-gras-amb-el-projecte-correcull\/\" title=\"Read Dijous gras amb el projecte Correcull\">Llegeix m\u00e9s\u00bb<\/a><\/p>\n","protected":false},"author":3,"featured_media":2717,"comment_status":"open","ping_status":"open","sticky":false,"template":"","format":"standard","meta":{"_bbp_topic_count":0,"_bbp_reply_count":0,"_bbp_total_topic_count":0,"_bbp_total_reply_count":0,"_bbp_voice_count":0,"_bbp_anonymous_reply_count":0,"_bbp_topic_count_hidden":0,"_bbp_reply_count_hidden":0,"_bbp_forum_subforum_count":0,"footnotes":""},"categories":[116,117,29],"tags":[190,539,465],"class_list":["post-2716","post","type-post","status-publish","format-standard","has-post-thumbnail","hentry","category-blog-escola-manueldepedrolo","category-blog-escola-santacecilia","category-portada","tag-biure","tag-curs-24-25","tag-dijous-gras"],"post_mailing_queue_ids":[],"_links":{"self":[{"href":"https:\/\/agora.xtec.cat\/zer-les-salines\/wp-json\/wp\/v2\/posts\/2716","targetHints":{"allow":["GET"]}}],"collection":[{"href":"https:\/\/agora.xtec.cat\/zer-les-salines\/wp-json\/wp\/v2\/posts"}],"about":[{"href":"https:\/\/agora.xtec.cat\/zer-les-salines\/wp-json\/wp\/v2\/types\/post"}],"author":[{"embeddable":true,"href":"https:\/\/agora.xtec.cat\/zer-les-salines\/wp-json\/wp\/v2\/users\/3"}],"replies":[{"embeddable":true,"href":"https:\/\/agora.xtec.cat\/zer-les-salines\/wp-json\/wp\/v2\/comments?post=2716"}],"version-history":[{"count":1,"href":"https:\/\/agora.xtec.cat\/zer-les-salines\/wp-json\/wp\/v2\/posts\/2716\/revisions"}],"predecessor-version":[{"id":2718,"href":"https:\/\/agora.xtec.cat\/zer-les-salines\/wp-json\/wp\/v2\/posts\/2716\/revisions\/2718"}],"wp:featuredmedia":[{"embeddable":true,"href":"https:\/\/agora.xtec.cat\/zer-les-salines\/wp-json\/wp\/v2\/media\/2717"}],"wp:attachment":[{"href":"https:\/\/agora.xtec.cat\/zer-les-salines\/wp-json\/wp\/v2\/media?parent=2716"}],"wp:term":[{"taxonomy":"category","embeddable":true,"href":"https:\/\/agora.xtec.cat\/zer-les-salines\/wp-json\/wp\/v2\/categories?post=2716"},{"taxonomy":"post_tag","embeddable":true,"href":"https:\/\/agora.xtec.cat\/zer-les-salines\/wp-json\/wp\/v2\/tags?post=2716"}],"curies":[{"name":"wp","href":"https:\/\/api.w.org\/{rel}","templated":true}]}}