{"id":2706,"date":"2025-02-26T15:10:50","date_gmt":"2025-02-26T14:10:50","guid":{"rendered":"https:\/\/agora.xtec.cat\/zer-les-salines\/?p=2706"},"modified":"2025-02-26T15:10:52","modified_gmt":"2025-02-26T14:10:52","slug":"no-es-tan-facil-ser-nino","status":"publish","type":"post","link":"https:\/\/agora.xtec.cat\/zer-les-salines\/portada\/no-es-tan-facil-ser-nino\/","title":{"rendered":"\u00a1No es tan f\u00e1cil ser ni\u00f1o!"},"content":{"rendered":"\n<p>Durant aquest trimestre els alumnes de quart i cinqu\u00e8 de l&#8217;escola, a l&#8217;hora de castell\u00e0 estem treballant amb la lectura del llibre &#8220;\u00a1No es tan f\u00e1cil ser ni\u00f1o!&#8221; de l&#8217;escriptora Pilar Lozano Carbayo.<\/p>\n\n\n\n<p>Aquesta lectura l&#8217;estem treballant a partir de la lectura compartida, en la qual el mestre llegeix el llibre i entre tots comentem i debatem al respecte. La lectura d&#8217;aquest llibre t\u00e9 com a finalitat treballar un tema tan rellevant com l&#8217;assetjament escolar. <\/p>\n\n\n\n<p>Hem elaborat un dossier propi per treballar la lectura a trav\u00e9s d&#8217;activitats de cada un dels cap\u00edtols, amb activitats pr\u00e8vies i d&#8217;altres. Aquest dossier l&#8217;elaborem cada setmana de manera individual amb el programa Canva.<\/p>\n\n\n\n<figure class=\"wp-block-image size-large\"><a href=\"https:\/\/agora.xtec.cat\/zer-les-salines\/wp-content\/uploads\/usu1080\/2025\/02\/81U5njuhygL.jpg\"><img loading=\"lazy\" decoding=\"async\" width=\"675\" height=\"1024\" src=\"https:\/\/agora.xtec.cat\/zer-les-salines\/wp-content\/uploads\/usu1080\/2025\/02\/81U5njuhygL-675x1024.jpg\" alt=\"\" class=\"wp-image-2707\" srcset=\"https:\/\/agora.xtec.cat\/zer-les-salines\/wp-content\/uploads\/usu1080\/2025\/02\/81U5njuhygL-675x1024.jpg 675w, https:\/\/agora.xtec.cat\/zer-les-salines\/wp-content\/uploads\/usu1080\/2025\/02\/81U5njuhygL-198x300.jpg 198w, https:\/\/agora.xtec.cat\/zer-les-salines\/wp-content\/uploads\/usu1080\/2025\/02\/81U5njuhygL-768x1165.jpg 768w, https:\/\/agora.xtec.cat\/zer-les-salines\/wp-content\/uploads\/usu1080\/2025\/02\/81U5njuhygL-1013x1536.jpg 1013w, https:\/\/agora.xtec.cat\/zer-les-salines\/wp-content\/uploads\/usu1080\/2025\/02\/81U5njuhygL-1350x2048.jpg 1350w, https:\/\/agora.xtec.cat\/zer-les-salines\/wp-content\/uploads\/usu1080\/2025\/02\/81U5njuhygL.jpg 1688w\" sizes=\"auto, (max-width: 675px) 100vw, 675px\" \/><\/a><\/figure>\n","protected":false},"excerpt":{"rendered":"<p>Durant aquest trimestre els alumnes de quart i cinqu\u00e8 de l&#8217;escola, a l&#8217;hora de castell\u00e0 estem treballant amb la lectura del llibre &#8220;\u00a1No es tan f\u00e1cil ser ni\u00f1o!&#8221; de l&#8217;escriptora Pilar Lozano Carbayo.<\/p>\n<p>Aquesta lectura l&#8217;estem treballant a partir de la lectura compartida, en la qual&hellip;  <a href=\"https:\/\/agora.xtec.cat\/zer-les-salines\/portada\/no-es-tan-facil-ser-nino\/\" title=\"Read \u00a1No es tan f\u00e1cil ser ni\u00f1o!\">Llegeix m\u00e9s\u00bb<\/a><\/p>\n","protected":false},"author":66,"featured_media":2707,"comment_status":"open","ping_status":"open","sticky":false,"template":"","format":"standard","meta":{"_bbp_topic_count":0,"_bbp_reply_count":0,"_bbp_total_topic_count":0,"_bbp_total_reply_count":0,"_bbp_voice_count":0,"_bbp_anonymous_reply_count":0,"_bbp_topic_count_hidden":0,"_bbp_reply_count_hidden":0,"_bbp_forum_subforum_count":0,"footnotes":""},"categories":[116,29],"tags":[190,223,539],"class_list":["post-2706","post","type-post","status-publish","format-standard","has-post-thumbnail","hentry","category-blog-escola-manueldepedrolo","category-portada","tag-biure","tag-castella","tag-curs-24-25"],"post_mailing_queue_ids":[],"_links":{"self":[{"href":"https:\/\/agora.xtec.cat\/zer-les-salines\/wp-json\/wp\/v2\/posts\/2706","targetHints":{"allow":["GET"]}}],"collection":[{"href":"https:\/\/agora.xtec.cat\/zer-les-salines\/wp-json\/wp\/v2\/posts"}],"about":[{"href":"https:\/\/agora.xtec.cat\/zer-les-salines\/wp-json\/wp\/v2\/types\/post"}],"author":[{"embeddable":true,"href":"https:\/\/agora.xtec.cat\/zer-les-salines\/wp-json\/wp\/v2\/users\/66"}],"replies":[{"embeddable":true,"href":"https:\/\/agora.xtec.cat\/zer-les-salines\/wp-json\/wp\/v2\/comments?post=2706"}],"version-history":[{"count":1,"href":"https:\/\/agora.xtec.cat\/zer-les-salines\/wp-json\/wp\/v2\/posts\/2706\/revisions"}],"predecessor-version":[{"id":2708,"href":"https:\/\/agora.xtec.cat\/zer-les-salines\/wp-json\/wp\/v2\/posts\/2706\/revisions\/2708"}],"wp:featuredmedia":[{"embeddable":true,"href":"https:\/\/agora.xtec.cat\/zer-les-salines\/wp-json\/wp\/v2\/media\/2707"}],"wp:attachment":[{"href":"https:\/\/agora.xtec.cat\/zer-les-salines\/wp-json\/wp\/v2\/media?parent=2706"}],"wp:term":[{"taxonomy":"category","embeddable":true,"href":"https:\/\/agora.xtec.cat\/zer-les-salines\/wp-json\/wp\/v2\/categories?post=2706"},{"taxonomy":"post_tag","embeddable":true,"href":"https:\/\/agora.xtec.cat\/zer-les-salines\/wp-json\/wp\/v2\/tags?post=2706"}],"curies":[{"name":"wp","href":"https:\/\/api.w.org\/{rel}","templated":true}]}}