{"id":2693,"date":"2025-02-20T21:00:41","date_gmt":"2025-02-20T20:00:41","guid":{"rendered":"https:\/\/agora.xtec.cat\/zer-les-salines\/?p=2693"},"modified":"2025-03-18T15:33:40","modified_gmt":"2025-03-18T14:33:40","slug":"el-metode-cientific","status":"publish","type":"post","link":"https:\/\/agora.xtec.cat\/zer-les-salines\/portada\/el-metode-cientific\/","title":{"rendered":"El m\u00e8tode cient\u00edfic"},"content":{"rendered":"\n<p>Aquest segon trimestre els alumnes d&#8217;Educaci\u00f3 Infantil i Cicle Inicial de l&#8217;escola, hem comen\u00e7at a treballar el m\u00e8tode cient\u00edfic. Aprofitant el projecte de ZER &#8220;La r\u00e0dio&#8221;, hem comen\u00e7at a experimentar amb diferents materials per saber-ne m\u00e9s, tot seguint el m\u00e8tode cient\u00edfic.<\/p>\n\n\n\n<p>En cada una de les experimentacions, emplenem un full de dades on trobem apartats amb informaci\u00f3 rellevant. En aquest full anotem el nom de l&#8217;experiment, el material, l&#8217;objectiu, el que pot passar, els resultats i les conclusions de l&#8217;activitat.<\/p>\n\n\n\n<p>Durant el mes de gener i febrer hem pogut experimentar amb molts materials per saber com funcionen el nostre sistema respiratori, com \u00e9s el so i com viatja a trav\u00e9s d&#8217;uns tel\u00e8fons creats per nosaltres mateixos.<\/p>\n\n\n\n<figure class=\"wp-block-image size-large\"><a href=\"https:\/\/agora.xtec.cat\/zer-les-salines\/wp-content\/uploads\/usu1080\/2025\/02\/WhatsApp-Image-2025-02-19-at-15.21.02.jpeg\"><img loading=\"lazy\" decoding=\"async\" width=\"768\" height=\"1024\" src=\"https:\/\/agora.xtec.cat\/zer-les-salines\/wp-content\/uploads\/usu1080\/2025\/02\/WhatsApp-Image-2025-02-19-at-15.21.02-768x1024.jpeg\" alt=\"\" class=\"wp-image-2695\" srcset=\"https:\/\/agora.xtec.cat\/zer-les-salines\/wp-content\/uploads\/usu1080\/2025\/02\/WhatsApp-Image-2025-02-19-at-15.21.02-768x1024.jpeg 768w, https:\/\/agora.xtec.cat\/zer-les-salines\/wp-content\/uploads\/usu1080\/2025\/02\/WhatsApp-Image-2025-02-19-at-15.21.02-225x300.jpeg 225w, https:\/\/agora.xtec.cat\/zer-les-salines\/wp-content\/uploads\/usu1080\/2025\/02\/WhatsApp-Image-2025-02-19-at-15.21.02-1152x1536.jpeg 1152w, https:\/\/agora.xtec.cat\/zer-les-salines\/wp-content\/uploads\/usu1080\/2025\/02\/WhatsApp-Image-2025-02-19-at-15.21.02.jpeg 1200w\" sizes=\"auto, (max-width: 768px) 100vw, 768px\" \/><\/a><\/figure>\n\n\n\n<p>A <a href=\"https:\/\/drive.google.com\/drive\/folders\/1yBmx399GAQaOi0KcroWtfHiRiAiCRZcM?usp=drive_link\">l&#8217;enlla\u00e7<\/a> podeu veure algunes de les imatges dels experiments.<\/p>\n\n\n\n<p><\/p>\n","protected":false},"excerpt":{"rendered":"<p>Aquest segon trimestre els alumnes d&#8217;Educaci\u00f3 Infantil i Cicle Inicial de l&#8217;escola, hem comen\u00e7at a treballar el m\u00e8tode cient\u00edfic. Aprofitant el projecte de ZER &#8220;La r\u00e0dio&#8221;, hem comen\u00e7at a experimentar amb diferents materials per saber-ne m\u00e9s, tot seguint el m\u00e8tode cient\u00edfic.<\/p>\n<p>En cada una de les&hellip;  <a href=\"https:\/\/agora.xtec.cat\/zer-les-salines\/portada\/el-metode-cientific\/\" title=\"Read El m\u00e8tode cient\u00edfic\">Llegeix m\u00e9s\u00bb<\/a><\/p>\n","protected":false},"author":66,"featured_media":2694,"comment_status":"open","ping_status":"open","sticky":false,"template":"","format":"standard","meta":{"_bbp_topic_count":0,"_bbp_reply_count":0,"_bbp_total_topic_count":0,"_bbp_total_reply_count":0,"_bbp_voice_count":0,"_bbp_anonymous_reply_count":0,"_bbp_topic_count_hidden":0,"_bbp_reply_count_hidden":0,"_bbp_forum_subforum_count":0,"footnotes":""},"categories":[116,29],"tags":[190,539,558],"class_list":["post-2693","post","type-post","status-publish","format-standard","has-post-thumbnail","hentry","category-blog-escola-manueldepedrolo","category-portada","tag-biure","tag-curs-24-25","tag-metode-cientific"],"post_mailing_queue_ids":[],"_links":{"self":[{"href":"https:\/\/agora.xtec.cat\/zer-les-salines\/wp-json\/wp\/v2\/posts\/2693","targetHints":{"allow":["GET"]}}],"collection":[{"href":"https:\/\/agora.xtec.cat\/zer-les-salines\/wp-json\/wp\/v2\/posts"}],"about":[{"href":"https:\/\/agora.xtec.cat\/zer-les-salines\/wp-json\/wp\/v2\/types\/post"}],"author":[{"embeddable":true,"href":"https:\/\/agora.xtec.cat\/zer-les-salines\/wp-json\/wp\/v2\/users\/66"}],"replies":[{"embeddable":true,"href":"https:\/\/agora.xtec.cat\/zer-les-salines\/wp-json\/wp\/v2\/comments?post=2693"}],"version-history":[{"count":3,"href":"https:\/\/agora.xtec.cat\/zer-les-salines\/wp-json\/wp\/v2\/posts\/2693\/revisions"}],"predecessor-version":[{"id":2728,"href":"https:\/\/agora.xtec.cat\/zer-les-salines\/wp-json\/wp\/v2\/posts\/2693\/revisions\/2728"}],"wp:featuredmedia":[{"embeddable":true,"href":"https:\/\/agora.xtec.cat\/zer-les-salines\/wp-json\/wp\/v2\/media\/2694"}],"wp:attachment":[{"href":"https:\/\/agora.xtec.cat\/zer-les-salines\/wp-json\/wp\/v2\/media?parent=2693"}],"wp:term":[{"taxonomy":"category","embeddable":true,"href":"https:\/\/agora.xtec.cat\/zer-les-salines\/wp-json\/wp\/v2\/categories?post=2693"},{"taxonomy":"post_tag","embeddable":true,"href":"https:\/\/agora.xtec.cat\/zer-les-salines\/wp-json\/wp\/v2\/tags?post=2693"}],"curies":[{"name":"wp","href":"https:\/\/api.w.org\/{rel}","templated":true}]}}