{"id":2690,"date":"2025-03-03T18:00:00","date_gmt":"2025-03-03T17:00:00","guid":{"rendered":"https:\/\/agora.xtec.cat\/zer-les-salines\/?p=2690"},"modified":"2025-02-19T13:09:57","modified_gmt":"2025-02-19T12:09:57","slug":"pati-sobre-rodes","status":"publish","type":"post","link":"https:\/\/agora.xtec.cat\/zer-les-salines\/portada\/pati-sobre-rodes\/","title":{"rendered":"Pati sobre rodes"},"content":{"rendered":"\n<p>Durant el primer trimestre, Despr\u00e9s de l&#8217;assemblea amb els infants, vam acordar que els dimarts seran els dies en qu\u00e8 es far\u00e0 pati a la Sala. A m\u00e9s, el primer dimarts de cada mes tindr\u00e0 una tem\u00e0tica especial: <em><strong>pati sobre rodes<\/strong><\/em>.<\/p>\n\n\n\n<p>Com el curs anterior, la Sala obrir\u00e0 a les 9 menys 10 perqu\u00e8 els infants puguin accedir-hi abans d&#8217;anar cap a l&#8217;escola, amb l&#8217;acompanyament dels docents.<\/p>\n\n\n\n<p>Tamb\u00e9, la recollida dels infants els dimarts es far\u00e0 directament a la Sala, on podran recollir les seves bicicletes, patinets i altres elements de rodes.<\/p>\n\n\n\n<p>Recordem que l&#8217;\u00fas del <strong>casc <\/strong>\u00e9s <strong>obligatori <\/strong>per garantir la seguretat de tots els participants.<\/p>\n\n\n\n<p>Gr\u00e0cies per la vostra col\u00b7laboraci\u00f3!<\/p>\n\n\n\n<p>Us deixem algunes <a href=\"https:\/\/drive.google.com\/drive\/folders\/1eyp9Z_3DPC5rwYOoCLoTD1tANS74xycH?usp=sharing\">imatges <\/a>d&#8217;aquesta activitat.<\/p>\n\n\n\n<p><strong><sup>Recordeu, per visualitzar les imatges necessiteu accedir amb l&#8217;usuari de la zerlessalines.cat<\/sup><\/strong><\/p>\n","protected":false},"excerpt":{"rendered":"<p>Durant el primer trimestre, Despr\u00e9s de l&#8217;assemblea amb els infants, vam acordar que els dimarts seran els dies en qu\u00e8 es far\u00e0 pati a la Sala. A m\u00e9s, el primer dimarts de cada mes tindr\u00e0 una tem\u00e0tica especial: pati sobre rodes.<\/p>\n<p>Com el curs anterior, la&hellip;  <a href=\"https:\/\/agora.xtec.cat\/zer-les-salines\/portada\/pati-sobre-rodes\/\" title=\"Read Pati sobre rodes\">Llegeix m\u00e9s\u00bb<\/a><\/p>\n","protected":false},"author":3,"featured_media":2691,"comment_status":"open","ping_status":"open","sticky":false,"template":"","format":"standard","meta":{"_bbp_topic_count":0,"_bbp_reply_count":0,"_bbp_total_topic_count":0,"_bbp_total_reply_count":0,"_bbp_voice_count":0,"_bbp_anonymous_reply_count":0,"_bbp_topic_count_hidden":0,"_bbp_reply_count_hidden":0,"_bbp_forum_subforum_count":0,"footnotes":""},"categories":[116,29],"tags":[190,539,557],"class_list":["post-2690","post","type-post","status-publish","format-standard","has-post-thumbnail","hentry","category-blog-escola-manueldepedrolo","category-portada","tag-biure","tag-curs-24-25","tag-sobre-rodes"],"post_mailing_queue_ids":[],"_links":{"self":[{"href":"https:\/\/agora.xtec.cat\/zer-les-salines\/wp-json\/wp\/v2\/posts\/2690","targetHints":{"allow":["GET"]}}],"collection":[{"href":"https:\/\/agora.xtec.cat\/zer-les-salines\/wp-json\/wp\/v2\/posts"}],"about":[{"href":"https:\/\/agora.xtec.cat\/zer-les-salines\/wp-json\/wp\/v2\/types\/post"}],"author":[{"embeddable":true,"href":"https:\/\/agora.xtec.cat\/zer-les-salines\/wp-json\/wp\/v2\/users\/3"}],"replies":[{"embeddable":true,"href":"https:\/\/agora.xtec.cat\/zer-les-salines\/wp-json\/wp\/v2\/comments?post=2690"}],"version-history":[{"count":1,"href":"https:\/\/agora.xtec.cat\/zer-les-salines\/wp-json\/wp\/v2\/posts\/2690\/revisions"}],"predecessor-version":[{"id":2692,"href":"https:\/\/agora.xtec.cat\/zer-les-salines\/wp-json\/wp\/v2\/posts\/2690\/revisions\/2692"}],"wp:featuredmedia":[{"embeddable":true,"href":"https:\/\/agora.xtec.cat\/zer-les-salines\/wp-json\/wp\/v2\/media\/2691"}],"wp:attachment":[{"href":"https:\/\/agora.xtec.cat\/zer-les-salines\/wp-json\/wp\/v2\/media?parent=2690"}],"wp:term":[{"taxonomy":"category","embeddable":true,"href":"https:\/\/agora.xtec.cat\/zer-les-salines\/wp-json\/wp\/v2\/categories?post=2690"},{"taxonomy":"post_tag","embeddable":true,"href":"https:\/\/agora.xtec.cat\/zer-les-salines\/wp-json\/wp\/v2\/tags?post=2690"}],"curies":[{"name":"wp","href":"https:\/\/api.w.org\/{rel}","templated":true}]}}