{"id":2687,"date":"2025-02-19T12:46:54","date_gmt":"2025-02-19T11:46:54","guid":{"rendered":"https:\/\/agora.xtec.cat\/zer-les-salines\/?p=2687"},"modified":"2025-02-19T12:46:56","modified_gmt":"2025-02-19T11:46:56","slug":"els-llocs-que-habitem","status":"publish","type":"post","link":"https:\/\/agora.xtec.cat\/zer-les-salines\/portada\/els-llocs-que-habitem\/","title":{"rendered":"Els llocs que habitem"},"content":{"rendered":"\n<p>A l&#8217;escola de Biure hem iniciat el projecte <em>Els llocs que habitem<\/em>, una experi\u00e8ncia enriquidora que permet als alumnes con\u00e8ixer el patrimoni i la hist\u00f2ria del poble de Biure. Aquest projecte els ajudar\u00e0 a explorar el concepte de casa i a comprendre millor la import\u00e0ncia dels espais que habitem i la seva evoluci\u00f3 al llarg del temps.<\/p>\n\n\n\n<p>Com a part del projecte, hem gaudit d&#8217;una visita guiada molt especial pel poble. El Sr. Baldomero, avi d&#8217;una alumna de l&#8217;escola, ens ha acompanyat en aquesta descoberta explicant-nos els diferents noms de les cases i els oficis que s&#8217;hi havien fet antigament. Els alumnes han pogut escoltar hist\u00f2ries fascinants que connecten el passat amb el present i han descobert detalls sorprenents del seu entorn m\u00e9s proper.<\/p>\n\n\n\n<p>A continuaci\u00f3, us deixem algunes imatges de la visita guiada, on podreu veure com els alumnes han gaudit d&#8217;aquesta experi\u00e8ncia i han aprofundit en el coneixement del seu patrimoni local.<\/p>\n\n\n\n<p><a href=\"https:\/\/drive.google.com\/drive\/folders\/1ueeyaG_x38FHMKtjTO1RCErsxu1swrYv?usp=sharing\">Fotografies visita guiada<\/a><\/p>\n\n\n\n<p>Gr\u00e0cies al Sr. Baldomero per compartir amb nosaltres la seva saviesa.<\/p>\n","protected":false},"excerpt":{"rendered":"<p>A l&#8217;escola de Biure hem iniciat el projecte Els llocs que habitem, una experi\u00e8ncia enriquidora que permet als alumnes con\u00e8ixer el patrimoni i la hist\u00f2ria del poble de Biure. Aquest projecte els ajudar\u00e0 a explorar el concepte de casa i a comprendre millor la import\u00e0ncia&hellip;  <a href=\"https:\/\/agora.xtec.cat\/zer-les-salines\/portada\/els-llocs-que-habitem\/\" title=\"Read Els llocs que habitem\">Llegeix m\u00e9s\u00bb<\/a><\/p>\n","protected":false},"author":3,"featured_media":2688,"comment_status":"open","ping_status":"open","sticky":false,"template":"","format":"standard","meta":{"_bbp_topic_count":0,"_bbp_reply_count":0,"_bbp_total_topic_count":0,"_bbp_total_reply_count":0,"_bbp_voice_count":0,"_bbp_anonymous_reply_count":0,"_bbp_topic_count_hidden":0,"_bbp_reply_count_hidden":0,"_bbp_forum_subforum_count":0,"footnotes":""},"categories":[116,29],"tags":[190,539,555,556],"class_list":["post-2687","post","type-post","status-publish","format-standard","has-post-thumbnail","hentry","category-blog-escola-manueldepedrolo","category-portada","tag-biure","tag-curs-24-25","tag-poble","tag-projecte"],"post_mailing_queue_ids":[],"_links":{"self":[{"href":"https:\/\/agora.xtec.cat\/zer-les-salines\/wp-json\/wp\/v2\/posts\/2687","targetHints":{"allow":["GET"]}}],"collection":[{"href":"https:\/\/agora.xtec.cat\/zer-les-salines\/wp-json\/wp\/v2\/posts"}],"about":[{"href":"https:\/\/agora.xtec.cat\/zer-les-salines\/wp-json\/wp\/v2\/types\/post"}],"author":[{"embeddable":true,"href":"https:\/\/agora.xtec.cat\/zer-les-salines\/wp-json\/wp\/v2\/users\/3"}],"replies":[{"embeddable":true,"href":"https:\/\/agora.xtec.cat\/zer-les-salines\/wp-json\/wp\/v2\/comments?post=2687"}],"version-history":[{"count":1,"href":"https:\/\/agora.xtec.cat\/zer-les-salines\/wp-json\/wp\/v2\/posts\/2687\/revisions"}],"predecessor-version":[{"id":2689,"href":"https:\/\/agora.xtec.cat\/zer-les-salines\/wp-json\/wp\/v2\/posts\/2687\/revisions\/2689"}],"wp:featuredmedia":[{"embeddable":true,"href":"https:\/\/agora.xtec.cat\/zer-les-salines\/wp-json\/wp\/v2\/media\/2688"}],"wp:attachment":[{"href":"https:\/\/agora.xtec.cat\/zer-les-salines\/wp-json\/wp\/v2\/media?parent=2687"}],"wp:term":[{"taxonomy":"category","embeddable":true,"href":"https:\/\/agora.xtec.cat\/zer-les-salines\/wp-json\/wp\/v2\/categories?post=2687"},{"taxonomy":"post_tag","embeddable":true,"href":"https:\/\/agora.xtec.cat\/zer-les-salines\/wp-json\/wp\/v2\/tags?post=2687"}],"curies":[{"name":"wp","href":"https:\/\/api.w.org\/{rel}","templated":true}]}}