{"id":2681,"date":"2025-02-18T10:25:33","date_gmt":"2025-02-18T09:25:33","guid":{"rendered":"https:\/\/agora.xtec.cat\/zer-les-salines\/?p=2681"},"modified":"2025-06-17T11:13:39","modified_gmt":"2025-06-17T09:13:39","slug":"loca","status":"publish","type":"post","link":"https:\/\/agora.xtec.cat\/zer-les-salines\/portada\/loca\/","title":{"rendered":"L&#8217;oca"},"content":{"rendered":"\n<p>El seg\u00fcent article que llegireu, ha estat escrit pels alumnes de quart, cinqu\u00e8 i sis\u00e8 de prim\u00e0ria de la nostra escola:<\/p>\n\n\n\n<p>&#8220;Un dia d\u2019octubre, a l\u2019hora del pati, est\u00e0vem al Parc de l\u2019horta i vam veure l\u2019oca del riu sola.<\/p>\n\n\n\n<p><br>Llavors vam tenir la idea de comprar una altra per acompanyar-la, per\u00f2 d\u2019on traur\u00edem els diners? Cap al desembre vam fer una assemblea i vam acordar fer un sorteig per recaptar diners, on el premi seria una panera. Vam imprimir els d\u00e8cims i vam anar portant productes per la panera. Dies despr\u00e9s ja hav\u00edem venut tots els d\u00e8cims nom\u00e9s faltava saber on far\u00edem el sorteig. Finalment, vam decidir fer el sorteig a la Festa de la Llum.<\/p>\n\n\n\n<p><br>Els petits de l&#8217;escola van anar a parlar amb el Francesc del Trull per informar-nos d\u2019on podr\u00edem comprar l\u2019oca.<\/p>\n\n\n\n<p><br>Setmanes m\u00e9s tard ens van reunir en una assemblea per comunicar-nos que l\u2019oca havia mort.<\/p>\n\n\n\n<p><br>Ara la intenci\u00f3 \u00e9s comprar-ne un parell. Estem mirant de trobar alg\u00fa que ens les pugui vendre.<\/p>\n\n\n\n<p><br>Qu\u00e8 acabar\u00e0 passant?<\/p>\n\n\n\n<p><br>Continuar\u00e0\u2026&#8221;.<\/p>\n\n\n\n<figure class=\"wp-block-image size-large\"><a href=\"https:\/\/agora.xtec.cat\/zer-les-salines\/wp-content\/uploads\/usu1080\/2025\/02\/Copia-de_-1733075645737-min-1-scaled.jpg\"><img loading=\"lazy\" decoding=\"async\" width=\"768\" height=\"1024\" src=\"https:\/\/agora.xtec.cat\/zer-les-salines\/wp-content\/uploads\/usu1080\/2025\/02\/Copia-de_-1733075645737-min-1-768x1024.jpg\" alt=\"\" class=\"wp-image-2683\" srcset=\"https:\/\/agora.xtec.cat\/zer-les-salines\/wp-content\/uploads\/usu1080\/2025\/02\/Copia-de_-1733075645737-min-1-768x1024.jpg 768w, https:\/\/agora.xtec.cat\/zer-les-salines\/wp-content\/uploads\/usu1080\/2025\/02\/Copia-de_-1733075645737-min-1-225x300.jpg 225w, https:\/\/agora.xtec.cat\/zer-les-salines\/wp-content\/uploads\/usu1080\/2025\/02\/Copia-de_-1733075645737-min-1-1152x1536.jpg 1152w, https:\/\/agora.xtec.cat\/zer-les-salines\/wp-content\/uploads\/usu1080\/2025\/02\/Copia-de_-1733075645737-min-1-1536x2048.jpg 1536w, https:\/\/agora.xtec.cat\/zer-les-salines\/wp-content\/uploads\/usu1080\/2025\/02\/Copia-de_-1733075645737-min-1-scaled.jpg 1920w\" sizes=\"auto, (max-width: 768px) 100vw, 768px\" \/><\/a><\/figure>\n","protected":false},"excerpt":{"rendered":"<p>El seg\u00fcent article que llegireu, ha estat escrit pels alumnes de quart, cinqu\u00e8 i sis\u00e8 de prim\u00e0ria de la nostra escola:<\/p>\n<p>&#8220;Un dia d\u2019octubre, a l\u2019hora del pati, est\u00e0vem al Parc de l\u2019horta i vam veure l\u2019oca del riu sola.<\/p>\n<p>Llavors vam tenir la idea de comprar&hellip;  <a href=\"https:\/\/agora.xtec.cat\/zer-les-salines\/portada\/loca\/\" title=\"Read L&#8217;oca\">Llegeix m\u00e9s\u00bb<\/a><\/p>\n","protected":false},"author":66,"featured_media":2683,"comment_status":"open","ping_status":"open","sticky":false,"template":"","format":"standard","meta":{"_bbp_topic_count":0,"_bbp_reply_count":0,"_bbp_total_topic_count":0,"_bbp_total_reply_count":0,"_bbp_voice_count":0,"_bbp_anonymous_reply_count":0,"_bbp_topic_count_hidden":0,"_bbp_reply_count_hidden":0,"_bbp_forum_subforum_count":0,"footnotes":""},"categories":[117,29],"tags":[194,539,554],"class_list":["post-2681","post","type-post","status-publish","format-standard","has-post-thumbnail","hentry","category-blog-escola-santacecilia","category-portada","tag-boadella","tag-curs-24-25","tag-projecte-oca"],"post_mailing_queue_ids":[],"_links":{"self":[{"href":"https:\/\/agora.xtec.cat\/zer-les-salines\/wp-json\/wp\/v2\/posts\/2681","targetHints":{"allow":["GET"]}}],"collection":[{"href":"https:\/\/agora.xtec.cat\/zer-les-salines\/wp-json\/wp\/v2\/posts"}],"about":[{"href":"https:\/\/agora.xtec.cat\/zer-les-salines\/wp-json\/wp\/v2\/types\/post"}],"author":[{"embeddable":true,"href":"https:\/\/agora.xtec.cat\/zer-les-salines\/wp-json\/wp\/v2\/users\/66"}],"replies":[{"embeddable":true,"href":"https:\/\/agora.xtec.cat\/zer-les-salines\/wp-json\/wp\/v2\/comments?post=2681"}],"version-history":[{"count":2,"href":"https:\/\/agora.xtec.cat\/zer-les-salines\/wp-json\/wp\/v2\/posts\/2681\/revisions"}],"predecessor-version":[{"id":2699,"href":"https:\/\/agora.xtec.cat\/zer-les-salines\/wp-json\/wp\/v2\/posts\/2681\/revisions\/2699"}],"wp:featuredmedia":[{"embeddable":true,"href":"https:\/\/agora.xtec.cat\/zer-les-salines\/wp-json\/wp\/v2\/media\/2683"}],"wp:attachment":[{"href":"https:\/\/agora.xtec.cat\/zer-les-salines\/wp-json\/wp\/v2\/media?parent=2681"}],"wp:term":[{"taxonomy":"category","embeddable":true,"href":"https:\/\/agora.xtec.cat\/zer-les-salines\/wp-json\/wp\/v2\/categories?post=2681"},{"taxonomy":"post_tag","embeddable":true,"href":"https:\/\/agora.xtec.cat\/zer-les-salines\/wp-json\/wp\/v2\/tags?post=2681"}],"curies":[{"name":"wp","href":"https:\/\/api.w.org\/{rel}","templated":true}]}}