{"id":2677,"date":"2025-02-11T12:53:51","date_gmt":"2025-02-11T11:53:51","guid":{"rendered":"https:\/\/agora.xtec.cat\/zer-les-salines\/?p=2677"},"modified":"2025-02-11T12:55:01","modified_gmt":"2025-02-11T11:55:01","slug":"la-castanyada-a-biure","status":"publish","type":"post","link":"https:\/\/agora.xtec.cat\/zer-les-salines\/portada\/la-castanyada-a-biure\/","title":{"rendered":"La Castanyada a Biure"},"content":{"rendered":"\n<p>Com cada curs a l&#8217;escola hem celebrat la castanyada, anat a collir castanyes i cuinant de valent per compartir una tarda amb les fam\u00edlies i el poble tot gaudint d&#8217;unes danses. Aqu\u00ed us deixem una mostra de la nostra sortida per Ma\u00e7anet, del nostre taller de cuina i de les danses que v\u00e0rem fer.<\/p>\n\n\n<div class=\"wp-block-image\">\n<figure class=\"aligncenter size-full\"><img decoding=\"async\" src=\"https:\/\/agora.xtec.cat\/zer-les-salines\/wp-content\/uploads\/usu1080\/2025\/02\/magdalenes-article.png\" alt=\"\" class=\"wp-image-2678\" \/><\/figure><\/div>\n\n\n<p class=\"has-text-align-center\"><a href=\"https:\/\/drive.google.com\/drive\/folders\/1-XFzTllFyeAeoMmaYsB0adCsj7L2mAXY?usp=drive_link\">Enlla\u00e7 a imatges multim\u00e8dia i v\u00eddeo de les danses<\/a><\/p>\n","protected":false},"excerpt":{"rendered":"<p>Com cada curs a l&#8217;escola hem celebrat la castanyada, anat a collir castanyes i cuinant de valent per compartir una tarda amb les fam\u00edlies i el poble tot gaudint d&#8217;unes danses. Aqu\u00ed us deixem una mostra de la nostra sortida per Ma\u00e7anet, del nostre taller&hellip;  <a href=\"https:\/\/agora.xtec.cat\/zer-les-salines\/portada\/la-castanyada-a-biure\/\" title=\"Read La Castanyada a Biure\">Llegeix m\u00e9s\u00bb<\/a><\/p>\n","protected":false},"author":87,"featured_media":2679,"comment_status":"open","ping_status":"open","sticky":false,"template":"","format":"standard","meta":{"_bbp_topic_count":0,"_bbp_reply_count":0,"_bbp_total_topic_count":0,"_bbp_total_reply_count":0,"_bbp_voice_count":0,"_bbp_anonymous_reply_count":0,"_bbp_topic_count_hidden":0,"_bbp_reply_count_hidden":0,"_bbp_forum_subforum_count":0,"footnotes":""},"categories":[116,29],"tags":[190,209,539],"class_list":["post-2677","post","type-post","status-publish","format-standard","has-post-thumbnail","hentry","category-blog-escola-manueldepedrolo","category-portada","tag-biure","tag-castanyada","tag-curs-24-25"],"post_mailing_queue_ids":[],"_links":{"self":[{"href":"https:\/\/agora.xtec.cat\/zer-les-salines\/wp-json\/wp\/v2\/posts\/2677","targetHints":{"allow":["GET"]}}],"collection":[{"href":"https:\/\/agora.xtec.cat\/zer-les-salines\/wp-json\/wp\/v2\/posts"}],"about":[{"href":"https:\/\/agora.xtec.cat\/zer-les-salines\/wp-json\/wp\/v2\/types\/post"}],"author":[{"embeddable":true,"href":"https:\/\/agora.xtec.cat\/zer-les-salines\/wp-json\/wp\/v2\/users\/87"}],"replies":[{"embeddable":true,"href":"https:\/\/agora.xtec.cat\/zer-les-salines\/wp-json\/wp\/v2\/comments?post=2677"}],"version-history":[{"count":1,"href":"https:\/\/agora.xtec.cat\/zer-les-salines\/wp-json\/wp\/v2\/posts\/2677\/revisions"}],"predecessor-version":[{"id":2680,"href":"https:\/\/agora.xtec.cat\/zer-les-salines\/wp-json\/wp\/v2\/posts\/2677\/revisions\/2680"}],"wp:featuredmedia":[{"embeddable":true,"href":"https:\/\/agora.xtec.cat\/zer-les-salines\/wp-json\/wp\/v2\/media\/2679"}],"wp:attachment":[{"href":"https:\/\/agora.xtec.cat\/zer-les-salines\/wp-json\/wp\/v2\/media?parent=2677"}],"wp:term":[{"taxonomy":"category","embeddable":true,"href":"https:\/\/agora.xtec.cat\/zer-les-salines\/wp-json\/wp\/v2\/categories?post=2677"},{"taxonomy":"post_tag","embeddable":true,"href":"https:\/\/agora.xtec.cat\/zer-les-salines\/wp-json\/wp\/v2\/tags?post=2677"}],"curies":[{"name":"wp","href":"https:\/\/api.w.org\/{rel}","templated":true}]}}