{"id":2667,"date":"2025-01-29T21:15:04","date_gmt":"2025-01-29T20:15:04","guid":{"rendered":"https:\/\/agora.xtec.cat\/zer-les-salines\/?p=2667"},"modified":"2025-01-29T21:15:07","modified_gmt":"2025-01-29T20:15:07","slug":"preinscripcio-curs-25-26","status":"publish","type":"post","link":"https:\/\/agora.xtec.cat\/zer-les-salines\/general\/preinscripcio-curs-25-26\/","title":{"rendered":"Preinscripci\u00f3 curs 25-26"},"content":{"rendered":"\n<p>Benvolgudes fam\u00edlies,<\/p>\n\n\n\n<p>Ens complau informar-vos sobre el proc\u00e9s de preinscripci\u00f3 per al curs escolar 2025-2026. A continuaci\u00f3, detallem les dates i terminis m\u00e9s rellevants per a cada etapa educativa:<\/p>\n\n\n\n<p><strong>Educaci\u00f3 Infantil (3-6 anys) i Educaci\u00f3 Prim\u00e0ria:<\/strong><\/p>\n\n\n\n<ul class=\"wp-block-list\">\n<li><strong>Presentaci\u00f3 de sol\u00b7licituds:<\/strong> Del 12 al 26 de mar\u00e7 de 2025.<\/li>\n<\/ul>\n\n\n\n<p><strong>Educaci\u00f3 Secund\u00e0ria Obligat\u00f2ria (ESO):<\/strong><\/p>\n\n\n\n<ul class=\"wp-block-list\">\n<li><strong>Presentaci\u00f3 de sol\u00b7licituds:<\/strong> Del 14 al 26 de mar\u00e7 de 2025.<\/li>\n<\/ul>\n\n\n\n<p><strong>Calendari Com\u00fa per a Totes les Etapes:<\/strong><\/p>\n\n\n\n<ul class=\"wp-block-list\">\n<li><strong>Publicaci\u00f3 de la llista de sol\u00b7licituds amb la puntuaci\u00f3 provisional:<\/strong> 24 d&#8217;abril de 2025.<\/li>\n\n\n\n<li><strong>Per\u00edode per presentar reclamacions:<\/strong> Fins al 29 d&#8217;abril de 2025.<\/li>\n\n\n\n<li><strong>Sorteig del n\u00famero de desempat:<\/strong> 8 de maig de 2025.<\/li>\n\n\n\n<li><strong>Publicaci\u00f3 de la llista ordenada de sol\u00b7licituds:<\/strong> 9 de maig de 2025.<\/li>\n\n\n\n<li><strong>Publicaci\u00f3 de la llista final d&#8217;alumnes amb pla\u00e7a assignada:<\/strong> 16 de juny de 2025.<\/li>\n<\/ul>\n\n\n\n<p>Per a m\u00e9s informaci\u00f3 i per accedir als formularis de sol\u00b7licitud, us recomanem visitar el portal oficial de preinscripci\u00f3 de la Generalitat de Catalunya:<\/p>\n\n\n\n<p><a href=\"https:\/\/preinscripcio.gencat.cat\/ca\/estudis\/infantil-3-6\/informat\/calendari\/?utm_source=chatgpt.com\" target=\"_blank\" rel=\"noreferrer noopener\">preinscripcio.gencat.cat<\/a><\/p>\n\n\n\n<p>Restem a la vostra disposici\u00f3 per a qualsevol consulta o aclariment que pugueu necessitar durant aquest proc\u00e9s.<\/p>\n\n\n\n<figure class=\"wp-block-image size-large\"><a href=\"https:\/\/agora.xtec.cat\/zer-les-salines\/wp-content\/uploads\/usu1080\/2025\/01\/PREINSC.png\"><img loading=\"lazy\" decoding=\"async\" width=\"1024\" height=\"566\" src=\"https:\/\/agora.xtec.cat\/zer-les-salines\/wp-content\/uploads\/usu1080\/2025\/01\/PREINSC-1024x566.png\" alt=\"\" class=\"wp-image-2668\" srcset=\"https:\/\/agora.xtec.cat\/zer-les-salines\/wp-content\/uploads\/usu1080\/2025\/01\/PREINSC-1024x566.png 1024w, https:\/\/agora.xtec.cat\/zer-les-salines\/wp-content\/uploads\/usu1080\/2025\/01\/PREINSC-300x166.png 300w, https:\/\/agora.xtec.cat\/zer-les-salines\/wp-content\/uploads\/usu1080\/2025\/01\/PREINSC-768x425.png 768w, https:\/\/agora.xtec.cat\/zer-les-salines\/wp-content\/uploads\/usu1080\/2025\/01\/PREINSC.png 1107w\" sizes=\"auto, (max-width: 1024px) 100vw, 1024px\" \/><\/a><\/figure>\n","protected":false},"excerpt":{"rendered":"<p>Benvolgudes fam\u00edlies,<\/p>\n<p>Ens complau informar-vos sobre el proc\u00e9s de preinscripci\u00f3 per al curs escolar 2025-2026. A continuaci\u00f3, detallem les dates i terminis m\u00e9s rellevants per a cada etapa educativa:<\/p>\n<p>Educaci\u00f3 Infantil (3-6 anys) i Educaci\u00f3 Prim\u00e0ria:<\/p>\n<ul class=\"wp-block-list\">\n<li>Presentaci\u00f3 de sol\u00b7licituds: Del 12 al 26 de mar\u00e7 de 2025.<\/li>\n<\/ul>\n<p>Educaci\u00f3&hellip;  <a href=\"https:\/\/agora.xtec.cat\/zer-les-salines\/general\/preinscripcio-curs-25-26\/\" title=\"Read Preinscripci\u00f3 curs 25-26\">Llegeix m\u00e9s\u00bb<\/a><\/p>\n","protected":false},"author":1,"featured_media":2669,"comment_status":"open","ping_status":"open","sticky":false,"template":"","format":"standard","meta":{"_bbp_topic_count":0,"_bbp_reply_count":0,"_bbp_total_topic_count":0,"_bbp_total_reply_count":0,"_bbp_voice_count":0,"_bbp_anonymous_reply_count":0,"_bbp_topic_count_hidden":0,"_bbp_reply_count_hidden":0,"_bbp_forum_subforum_count":0,"footnotes":""},"categories":[227,1,29],"tags":[550,290],"class_list":["post-2667","post","type-post","status-publish","format-standard","has-post-thumbnail","hentry","category-families","category-general","category-portada","tag-curs-25-26","tag-preinscripcio"],"post_mailing_queue_ids":[],"_links":{"self":[{"href":"https:\/\/agora.xtec.cat\/zer-les-salines\/wp-json\/wp\/v2\/posts\/2667","targetHints":{"allow":["GET"]}}],"collection":[{"href":"https:\/\/agora.xtec.cat\/zer-les-salines\/wp-json\/wp\/v2\/posts"}],"about":[{"href":"https:\/\/agora.xtec.cat\/zer-les-salines\/wp-json\/wp\/v2\/types\/post"}],"author":[{"embeddable":true,"href":"https:\/\/agora.xtec.cat\/zer-les-salines\/wp-json\/wp\/v2\/users\/1"}],"replies":[{"embeddable":true,"href":"https:\/\/agora.xtec.cat\/zer-les-salines\/wp-json\/wp\/v2\/comments?post=2667"}],"version-history":[{"count":1,"href":"https:\/\/agora.xtec.cat\/zer-les-salines\/wp-json\/wp\/v2\/posts\/2667\/revisions"}],"predecessor-version":[{"id":2670,"href":"https:\/\/agora.xtec.cat\/zer-les-salines\/wp-json\/wp\/v2\/posts\/2667\/revisions\/2670"}],"wp:featuredmedia":[{"embeddable":true,"href":"https:\/\/agora.xtec.cat\/zer-les-salines\/wp-json\/wp\/v2\/media\/2669"}],"wp:attachment":[{"href":"https:\/\/agora.xtec.cat\/zer-les-salines\/wp-json\/wp\/v2\/media?parent=2667"}],"wp:term":[{"taxonomy":"category","embeddable":true,"href":"https:\/\/agora.xtec.cat\/zer-les-salines\/wp-json\/wp\/v2\/categories?post=2667"},{"taxonomy":"post_tag","embeddable":true,"href":"https:\/\/agora.xtec.cat\/zer-les-salines\/wp-json\/wp\/v2\/tags?post=2667"}],"curies":[{"name":"wp","href":"https:\/\/api.w.org\/{rel}","templated":true}]}}