{"id":2662,"date":"2025-01-22T13:35:20","date_gmt":"2025-01-22T12:35:20","guid":{"rendered":"https:\/\/agora.xtec.cat\/zer-les-salines\/?p=2662"},"modified":"2025-01-22T13:35:20","modified_gmt":"2025-01-22T12:35:20","slug":"taller-sons-o-sorolls","status":"publish","type":"post","link":"https:\/\/agora.xtec.cat\/zer-les-salines\/general\/taller-sons-o-sorolls\/","title":{"rendered":"Taller sons o sorolls?"},"content":{"rendered":"\n<p>El passat 15 de gener vam participar en un taller titulat <em>Sons o Sorolls?<\/em>, que ens va apropar al m\u00f3n del so.<\/p>\n\n\n\n<p>Durant el taller, es va parlar de qu\u00e8  \u00e9s un so, d\u2019on prov\u00e9 i com funciona l\u2019o\u00efda per percebre\u2019l. Tamb\u00e9 vam explorar la difer\u00e8ncia entre so i soroll, i vam reflexionar sobre els efectes de la <strong>contaminaci\u00f3 ac\u00fastica<\/strong>. <\/p>\n\n\n\n<p>A m\u00e9s, vam complementar aquesta experi\u00e8ncia amb <strong>activitats creatives relacionades amb el so i la r\u00e0dio<\/strong>. Els alumnes van experimentar amb diferents tipus de sons i fins i tot es van posar en la pell de locutors i locutores, gravant petits fragments radiof\u00f2nics. <\/p>\n\n\n\n<h3 class=\"wp-block-heading\"><strong>Galeria de Fotos<\/strong><\/h3>\n\n\n\n<p>Us convidem a veure les imatges d\u2019aquesta experi\u00e8ncia tan enriquidora! \ud83c\udf1f [<strong><a href=\"https:\/\/drive.google.com\/drive\/folders\/1-is27t8UwAFnGHSoOQWcwugYoRs0Gy6B?usp=sharing\">Fes clic aqu\u00ed<\/a><\/strong>] per accedir a les fotos del taller i les activitats.<\/p>\n\n\n\n<p><strong><sup>Recordeu que per accedir a les imatges heu d&#8217;entrar amb l&#8217;usuari de @zerlessalines.cat<\/sup><\/strong><\/p>\n","protected":false},"excerpt":{"rendered":"<p>El passat 15 de gener vam participar en un taller titulat Sons o Sorolls?, que ens va apropar al m\u00f3n del so.<\/p>\n<p>Durant el taller, es va parlar de qu\u00e8  \u00e9s un so, d\u2019on prov\u00e9 i com funciona l\u2019o\u00efda per percebre\u2019l. Tamb\u00e9 vam explorar la&hellip;  <a href=\"https:\/\/agora.xtec.cat\/zer-les-salines\/general\/taller-sons-o-sorolls\/\" title=\"Read Taller sons o sorolls?\">Llegeix m\u00e9s\u00bb<\/a><\/p>\n","protected":false},"author":1,"featured_media":2664,"comment_status":"open","ping_status":"open","sticky":false,"template":"","format":"standard","meta":{"_bbp_topic_count":0,"_bbp_reply_count":0,"_bbp_total_topic_count":0,"_bbp_total_reply_count":0,"_bbp_voice_count":0,"_bbp_anonymous_reply_count":0,"_bbp_topic_count_hidden":0,"_bbp_reply_count_hidden":0,"_bbp_forum_subforum_count":0,"footnotes":""},"categories":[125,1],"tags":[539,542,452],"class_list":["post-2662","post","type-post","status-publish","format-standard","has-post-thumbnail","hentry","category-activitatszer","category-general","tag-curs-24-25","tag-radio","tag-taller"],"post_mailing_queue_ids":[],"_links":{"self":[{"href":"https:\/\/agora.xtec.cat\/zer-les-salines\/wp-json\/wp\/v2\/posts\/2662","targetHints":{"allow":["GET"]}}],"collection":[{"href":"https:\/\/agora.xtec.cat\/zer-les-salines\/wp-json\/wp\/v2\/posts"}],"about":[{"href":"https:\/\/agora.xtec.cat\/zer-les-salines\/wp-json\/wp\/v2\/types\/post"}],"author":[{"embeddable":true,"href":"https:\/\/agora.xtec.cat\/zer-les-salines\/wp-json\/wp\/v2\/users\/1"}],"replies":[{"embeddable":true,"href":"https:\/\/agora.xtec.cat\/zer-les-salines\/wp-json\/wp\/v2\/comments?post=2662"}],"version-history":[{"count":1,"href":"https:\/\/agora.xtec.cat\/zer-les-salines\/wp-json\/wp\/v2\/posts\/2662\/revisions"}],"predecessor-version":[{"id":2665,"href":"https:\/\/agora.xtec.cat\/zer-les-salines\/wp-json\/wp\/v2\/posts\/2662\/revisions\/2665"}],"wp:featuredmedia":[{"embeddable":true,"href":"https:\/\/agora.xtec.cat\/zer-les-salines\/wp-json\/wp\/v2\/media\/2664"}],"wp:attachment":[{"href":"https:\/\/agora.xtec.cat\/zer-les-salines\/wp-json\/wp\/v2\/media?parent=2662"}],"wp:term":[{"taxonomy":"category","embeddable":true,"href":"https:\/\/agora.xtec.cat\/zer-les-salines\/wp-json\/wp\/v2\/categories?post=2662"},{"taxonomy":"post_tag","embeddable":true,"href":"https:\/\/agora.xtec.cat\/zer-les-salines\/wp-json\/wp\/v2\/tags?post=2662"}],"curies":[{"name":"wp","href":"https:\/\/api.w.org\/{rel}","templated":true}]}}