{"id":2653,"date":"2025-01-12T18:17:04","date_gmt":"2025-01-12T17:17:04","guid":{"rendered":"https:\/\/agora.xtec.cat\/zer-les-salines\/?p=2653"},"modified":"2025-01-12T18:17:05","modified_gmt":"2025-01-12T17:17:05","slug":"lespectacle-de-nadal-de-lescola-santa-cecilia","status":"publish","type":"post","link":"https:\/\/agora.xtec.cat\/zer-les-salines\/portada\/lespectacle-de-nadal-de-lescola-santa-cecilia\/","title":{"rendered":"L&#8217;espectacle de Nadal de l&#8217;escola Santa Cec\u00edlia"},"content":{"rendered":"\n<p>Abans de marxar de vacances de Nadal, l&#8217;alumnat de l&#8217;escola de Santa Cec\u00edlia ens va regalar un espectacle ple de m\u00e0gia, m\u00fasica i alegria. Amb molta dedicaci\u00f3, treball en equip i entusiasme, van preparar una actuaci\u00f3 especial que volem compartir amb totes les fam\u00edlies i la comunitat educativa.<\/p>\n\n\n\n<p>I ara, despr\u00e9s de tornar de les vacances, compartim amb vosaltres el v\u00eddeo d&#8217;aquesta representaci\u00f3. <\/p>\n\n\n\n<p>Esperem que gaudiu d\u2019aquest record tan bonic tant com nosaltres!<\/p>\n\n\n\n<p><a href=\"https:\/\/drive.google.com\/file\/d\/1H5Gi2qA0Fb76CGfB_tPyH7SF1HjMJeNo\/view?usp=sharing\">Itinerari de la llum<\/a><\/p>\n\n\n\n<p><sup><strong>Recordeu que nom\u00e9s podreu visualitzar el v\u00eddeo accedint amb l&#8217;usuari de la zerlessalines.cat<\/strong><\/sup><\/p>\n","protected":false},"excerpt":{"rendered":"<p>Abans de marxar de vacances de Nadal, l&#8217;alumnat de l&#8217;escola de Santa Cec\u00edlia ens va regalar un espectacle ple de m\u00e0gia, m\u00fasica i alegria. Amb molta dedicaci\u00f3, treball en equip i entusiasme, van preparar una actuaci\u00f3 especial que volem compartir amb totes les fam\u00edlies i&hellip;  <a href=\"https:\/\/agora.xtec.cat\/zer-les-salines\/portada\/lespectacle-de-nadal-de-lescola-santa-cecilia\/\" title=\"Read L&#8217;espectacle de Nadal de l&#8217;escola Santa Cec\u00edlia\">Llegeix m\u00e9s\u00bb<\/a><\/p>\n","protected":false},"author":1,"featured_media":2654,"comment_status":"open","ping_status":"open","sticky":false,"template":"","format":"standard","meta":{"_bbp_topic_count":0,"_bbp_reply_count":0,"_bbp_total_topic_count":0,"_bbp_total_reply_count":0,"_bbp_voice_count":0,"_bbp_anonymous_reply_count":0,"_bbp_topic_count_hidden":0,"_bbp_reply_count_hidden":0,"_bbp_forum_subforum_count":0,"footnotes":""},"categories":[117,29],"tags":[194,539,212],"class_list":["post-2653","post","type-post","status-publish","format-standard","has-post-thumbnail","hentry","category-blog-escola-santacecilia","category-portada","tag-boadella","tag-curs-24-25","tag-nadal"],"post_mailing_queue_ids":[],"_links":{"self":[{"href":"https:\/\/agora.xtec.cat\/zer-les-salines\/wp-json\/wp\/v2\/posts\/2653","targetHints":{"allow":["GET"]}}],"collection":[{"href":"https:\/\/agora.xtec.cat\/zer-les-salines\/wp-json\/wp\/v2\/posts"}],"about":[{"href":"https:\/\/agora.xtec.cat\/zer-les-salines\/wp-json\/wp\/v2\/types\/post"}],"author":[{"embeddable":true,"href":"https:\/\/agora.xtec.cat\/zer-les-salines\/wp-json\/wp\/v2\/users\/1"}],"replies":[{"embeddable":true,"href":"https:\/\/agora.xtec.cat\/zer-les-salines\/wp-json\/wp\/v2\/comments?post=2653"}],"version-history":[{"count":1,"href":"https:\/\/agora.xtec.cat\/zer-les-salines\/wp-json\/wp\/v2\/posts\/2653\/revisions"}],"predecessor-version":[{"id":2655,"href":"https:\/\/agora.xtec.cat\/zer-les-salines\/wp-json\/wp\/v2\/posts\/2653\/revisions\/2655"}],"wp:featuredmedia":[{"embeddable":true,"href":"https:\/\/agora.xtec.cat\/zer-les-salines\/wp-json\/wp\/v2\/media\/2654"}],"wp:attachment":[{"href":"https:\/\/agora.xtec.cat\/zer-les-salines\/wp-json\/wp\/v2\/media?parent=2653"}],"wp:term":[{"taxonomy":"category","embeddable":true,"href":"https:\/\/agora.xtec.cat\/zer-les-salines\/wp-json\/wp\/v2\/categories?post=2653"},{"taxonomy":"post_tag","embeddable":true,"href":"https:\/\/agora.xtec.cat\/zer-les-salines\/wp-json\/wp\/v2\/tags?post=2653"}],"curies":[{"name":"wp","href":"https:\/\/api.w.org\/{rel}","templated":true}]}}