{"id":2650,"date":"2025-01-08T16:21:28","date_gmt":"2025-01-08T15:21:28","guid":{"rendered":"https:\/\/agora.xtec.cat\/zer-les-salines\/?p=2650"},"modified":"2025-01-08T16:21:32","modified_gmt":"2025-01-08T15:21:32","slug":"cantada-de-nadales-2","status":"publish","type":"post","link":"https:\/\/agora.xtec.cat\/zer-les-salines\/general\/cantada-de-nadales-2\/","title":{"rendered":"Cantada de Nadales"},"content":{"rendered":"\n<p>Benvingudes de nou fam\u00edlies!<br>Esperem que les vacances de Nadal us hagin anat d&#8217;all\u00f2 m\u00e9s b\u00e9. <\/p>\n\n\n\n<p>Us deixem els <a href=\"https:\/\/drive.google.com\/file\/d\/19c_DoDVSrS22uvb20uMBmip6qrmvwzhH\/view?usp=share_link\">v\u00eddeos de la cantada de Nadales<\/a> que van fer els i les alumnes de l&#8217;escola Les Salines el passat 13 de desembre a l&#8217;esgl\u00e9sia de Ma\u00e7anet. Nosaltres encara ens emocionem :&#8217;) <br><br>Gr\u00e0cies a tothom per la col\u00b7laboraci\u00f3,<br>A reveure!<\/p>\n\n\n\n<p class=\"has-small-font-size\"><strong>Recordeu que per poder veure les fotografies heu d\u2019accedir amb l\u2019usuari i contrasenya de la @zerlessalines.cat<\/strong><\/p>\n","protected":false},"excerpt":{"rendered":"<p>Benvingudes de nou fam\u00edlies!Esperem que les vacances de Nadal us hagin anat d&#8217;all\u00f2 m\u00e9s b\u00e9. <\/p>\n<p>Us deixem els <a href=\"https:\/\/drive.google.com\/file\/d\/19c_DoDVSrS22uvb20uMBmip6qrmvwzhH\/view?usp=share_link\">v\u00eddeos de la cantada de Nadales<\/a> que van fer els i les alumnes de l&#8217;escola Les Salines el passat 13 de desembre a l&#8217;esgl\u00e9sia de Ma\u00e7anet.&hellip;  <a href=\"https:\/\/agora.xtec.cat\/zer-les-salines\/general\/cantada-de-nadales-2\/\" title=\"Read Cantada de Nadales\">Llegeix m\u00e9s\u00bb<\/a><\/p>\n","protected":false},"author":94,"featured_media":2651,"comment_status":"open","ping_status":"open","sticky":false,"template":"","format":"standard","meta":{"_bbp_topic_count":0,"_bbp_reply_count":0,"_bbp_total_topic_count":0,"_bbp_total_reply_count":0,"_bbp_voice_count":0,"_bbp_anonymous_reply_count":0,"_bbp_topic_count_hidden":0,"_bbp_reply_count_hidden":0,"_bbp_forum_subforum_count":0,"footnotes":""},"categories":[114,1,29],"tags":[548,246,549],"class_list":["post-2650","post","type-post","status-publish","format-standard","has-post-thumbnail","hentry","category-blog-escola-lessalines","category-general","category-portada","tag-cantada","tag-les-salines","tag-nadales"],"post_mailing_queue_ids":[],"_links":{"self":[{"href":"https:\/\/agora.xtec.cat\/zer-les-salines\/wp-json\/wp\/v2\/posts\/2650","targetHints":{"allow":["GET"]}}],"collection":[{"href":"https:\/\/agora.xtec.cat\/zer-les-salines\/wp-json\/wp\/v2\/posts"}],"about":[{"href":"https:\/\/agora.xtec.cat\/zer-les-salines\/wp-json\/wp\/v2\/types\/post"}],"author":[{"embeddable":true,"href":"https:\/\/agora.xtec.cat\/zer-les-salines\/wp-json\/wp\/v2\/users\/94"}],"replies":[{"embeddable":true,"href":"https:\/\/agora.xtec.cat\/zer-les-salines\/wp-json\/wp\/v2\/comments?post=2650"}],"version-history":[{"count":1,"href":"https:\/\/agora.xtec.cat\/zer-les-salines\/wp-json\/wp\/v2\/posts\/2650\/revisions"}],"predecessor-version":[{"id":2652,"href":"https:\/\/agora.xtec.cat\/zer-les-salines\/wp-json\/wp\/v2\/posts\/2650\/revisions\/2652"}],"wp:featuredmedia":[{"embeddable":true,"href":"https:\/\/agora.xtec.cat\/zer-les-salines\/wp-json\/wp\/v2\/media\/2651"}],"wp:attachment":[{"href":"https:\/\/agora.xtec.cat\/zer-les-salines\/wp-json\/wp\/v2\/media?parent=2650"}],"wp:term":[{"taxonomy":"category","embeddable":true,"href":"https:\/\/agora.xtec.cat\/zer-les-salines\/wp-json\/wp\/v2\/categories?post=2650"},{"taxonomy":"post_tag","embeddable":true,"href":"https:\/\/agora.xtec.cat\/zer-les-salines\/wp-json\/wp\/v2\/tags?post=2650"}],"curies":[{"name":"wp","href":"https:\/\/api.w.org\/{rel}","templated":true}]}}