{"id":2635,"date":"2024-12-16T14:06:41","date_gmt":"2024-12-16T13:06:41","guid":{"rendered":"https:\/\/agora.xtec.cat\/zer-les-salines\/?p=2635"},"modified":"2024-12-16T14:06:42","modified_gmt":"2024-12-16T13:06:42","slug":"mini-olimpiades","status":"publish","type":"post","link":"https:\/\/agora.xtec.cat\/zer-les-salines\/portada\/mini-olimpiades\/","title":{"rendered":"Mini Olimp\u00edades"},"content":{"rendered":"\n<p>Aquest any, el Consell Escolar ha tornat a organitzar una activitat molt especial per a les escoles de l&#8217;Alt Empord\u00e0: <strong>les Mini Olimp\u00edades<\/strong>, una jornada dedicada a l\u2019atletisme que ha fet gaudir a tots els nens i nenes. Al final de l&#8217;article podreu trobar els enlla\u00e7os de les fotografies de la jornada, aix\u00ed com els diplomes  per cada infant, per\u00f2 abans us volem anunciar&#8230;<\/p>\n\n\n\n<h3 class=\"wp-block-heading\">Us convidem a la 2\u00aa edici\u00f3 de l\u2019Ol\u00edmpic Empord\u00e0! \ud83c\udfdf\ufe0f<\/h3>\n\n\n\n<p>Ens fa molta il\u00b7lusi\u00f3 informar-vos que el pr\u00f2xim <strong>dissabte 25 de gener de 2025<\/strong>, tindr\u00e0 lloc la <strong>2\u00aa edici\u00f3 de l\u2019Ol\u00edmpic Empord\u00e0<\/strong> a la ciutat de Figueres, concretament a l\u2019<strong>Estadi Municipal Albert Gurt<\/strong>. Aquesta activitat \u00e9s una ampliaci\u00f3 de les Mini Olimp\u00edades, pensada perqu\u00e8 els nens i nenes puguin gaudir d\u2019un mat\u00ed d\u2019esport i diversi\u00f3.<\/p>\n\n\n\n<p><strong>Aspectes rellevants de l\u2019activitat:<\/strong><\/p>\n\n\n\n<ul class=\"wp-block-list\">\n<li>Activitat <strong>gratu\u00efta<\/strong> dirigida a tots els nens i nenes de <strong>1r i 2n de prim\u00e0ria<\/strong> que han participat en les Mini Olimp\u00edades.<\/li>\n\n\n\n<li><strong>Horari:<\/strong> de <strong>10:00 h a 12:30 h<\/strong>. Les fam\u00edlies estan convidades a assistir i veure els seus fills\/es en acci\u00f3.<\/li>\n\n\n\n<li>Les <strong>inscripcions<\/strong> es poden fer escanejant el QR de la invitaci\u00f3 o a trav\u00e9s de la p\u00e0gina web del Consell Esportiu de l\u2019Alt Empord\u00e0, a l\u2019apartat d\u2019inscripcions.<\/li>\n<\/ul>\n\n\n\n<p>Durant la jornada, els participants duran a terme activitats similars a les de les Mini Olimp\u00edades, com relleus, salts, llan\u00e7aments i molt m\u00e9s.<\/p>\n\n\n\n<p><strong>Cal recordar:<\/strong><br>Aquesta activitat <strong>no \u00e9s competitiva<\/strong>, sin\u00f3 una oportunitat per fomentar vincles, practicar activitat f\u00edsica i con\u00e8ixer nens i nenes d\u2019altres escoles.<\/p>\n\n\n\n<p>Us hi esperem amb moltes ganes de passar-ho b\u00e9 i gaudir d\u2019un mat\u00ed esportiu al m\u00e0xim!<\/p>\n\n\n\n<p>En aquests enlla\u00e7os podreu trobar les fotografies i els diplomes de l&#8217;activitat feta a les escoles de la ZER:<\/p>\n\n\n\n<p><a href=\"https:\/\/drive.google.com\/drive\/folders\/1w48s6lTDurnSVu5y8CWjgdW1juVTZwTI?usp=sharing\">Mini Olimp\u00edades &#8211; Escola Manuel de Pedrolo<\/a><\/p>\n\n\n\n<p><a href=\"https:\/\/drive.google.com\/drive\/folders\/1-auFiuSNZi1in1a46bkVrQcWxKLFwe-z?usp=sharing\">Mini Olimp\u00edades &#8211; Escola Les Salines<\/a><\/p>\n\n\n\n<p><a href=\"https:\/\/drive.google.com\/drive\/folders\/1-h18z_r-sXM53c_QRlNiszuf0RkVedqv?usp=sharing\">Mini Olimp\u00edades &#8211; Escola Santa Cec\u00edlia<\/a><\/p>\n\n\n\n<figure class=\"wp-block-image size-large\"><a href=\"https:\/\/agora.xtec.cat\/zer-les-salines\/wp-content\/uploads\/usu1080\/2024\/12\/2.png\"><img loading=\"lazy\" decoding=\"async\" width=\"731\" height=\"1024\" src=\"https:\/\/agora.xtec.cat\/zer-les-salines\/wp-content\/uploads\/usu1080\/2024\/12\/2-731x1024.png\" alt=\"\" class=\"wp-image-2636\" srcset=\"https:\/\/agora.xtec.cat\/zer-les-salines\/wp-content\/uploads\/usu1080\/2024\/12\/2-731x1024.png 731w, https:\/\/agora.xtec.cat\/zer-les-salines\/wp-content\/uploads\/usu1080\/2024\/12\/2-214x300.png 214w, https:\/\/agora.xtec.cat\/zer-les-salines\/wp-content\/uploads\/usu1080\/2024\/12\/2-768x1076.png 768w, https:\/\/agora.xtec.cat\/zer-les-salines\/wp-content\/uploads\/usu1080\/2024\/12\/2-1096x1536.png 1096w, https:\/\/agora.xtec.cat\/zer-les-salines\/wp-content\/uploads\/usu1080\/2024\/12\/2.png 1200w\" sizes=\"auto, (max-width: 731px) 100vw, 731px\" \/><\/a><\/figure>\n","protected":false},"excerpt":{"rendered":"<p>Aquest any, el Consell Escolar ha tornat a organitzar una activitat molt especial per a les escoles de l&#8217;Alt Empord\u00e0: les Mini Olimp\u00edades, una jornada dedicada a l\u2019atletisme que ha fet gaudir a tots els nens i nenes. Al final de l&#8217;article podreu trobar els&hellip;  <a href=\"https:\/\/agora.xtec.cat\/zer-les-salines\/portada\/mini-olimpiades\/\" title=\"Read Mini Olimp\u00edades\">Llegeix m\u00e9s\u00bb<\/a><\/p>\n","protected":false},"author":3,"featured_media":2637,"comment_status":"open","ping_status":"open","sticky":false,"template":"","format":"standard","meta":{"_bbp_topic_count":0,"_bbp_reply_count":0,"_bbp_total_topic_count":0,"_bbp_total_reply_count":0,"_bbp_voice_count":0,"_bbp_anonymous_reply_count":0,"_bbp_topic_count_hidden":0,"_bbp_reply_count_hidden":0,"_bbp_forum_subforum_count":0,"footnotes":""},"categories":[120,29],"tags":[539,224,512],"class_list":["post-2635","post","type-post","status-publish","format-standard","has-post-thumbnail","hentry","category-ef","category-portada","tag-curs-24-25","tag-educacio-fisica","tag-mini-olimpiades"],"post_mailing_queue_ids":[],"_links":{"self":[{"href":"https:\/\/agora.xtec.cat\/zer-les-salines\/wp-json\/wp\/v2\/posts\/2635","targetHints":{"allow":["GET"]}}],"collection":[{"href":"https:\/\/agora.xtec.cat\/zer-les-salines\/wp-json\/wp\/v2\/posts"}],"about":[{"href":"https:\/\/agora.xtec.cat\/zer-les-salines\/wp-json\/wp\/v2\/types\/post"}],"author":[{"embeddable":true,"href":"https:\/\/agora.xtec.cat\/zer-les-salines\/wp-json\/wp\/v2\/users\/3"}],"replies":[{"embeddable":true,"href":"https:\/\/agora.xtec.cat\/zer-les-salines\/wp-json\/wp\/v2\/comments?post=2635"}],"version-history":[{"count":1,"href":"https:\/\/agora.xtec.cat\/zer-les-salines\/wp-json\/wp\/v2\/posts\/2635\/revisions"}],"predecessor-version":[{"id":2638,"href":"https:\/\/agora.xtec.cat\/zer-les-salines\/wp-json\/wp\/v2\/posts\/2635\/revisions\/2638"}],"wp:featuredmedia":[{"embeddable":true,"href":"https:\/\/agora.xtec.cat\/zer-les-salines\/wp-json\/wp\/v2\/media\/2637"}],"wp:attachment":[{"href":"https:\/\/agora.xtec.cat\/zer-les-salines\/wp-json\/wp\/v2\/media?parent=2635"}],"wp:term":[{"taxonomy":"category","embeddable":true,"href":"https:\/\/agora.xtec.cat\/zer-les-salines\/wp-json\/wp\/v2\/categories?post=2635"},{"taxonomy":"post_tag","embeddable":true,"href":"https:\/\/agora.xtec.cat\/zer-les-salines\/wp-json\/wp\/v2\/tags?post=2635"}],"curies":[{"name":"wp","href":"https:\/\/api.w.org\/{rel}","templated":true}]}}