{"id":2630,"date":"2024-12-16T18:37:53","date_gmt":"2024-12-16T17:37:53","guid":{"rendered":"https:\/\/agora.xtec.cat\/zer-les-salines\/?p=2630"},"modified":"2024-12-17T17:57:29","modified_gmt":"2024-12-17T16:57:29","slug":"els-mes-petits-de-lescola-ja-shan-adaptat-a-la-llar","status":"publish","type":"post","link":"https:\/\/agora.xtec.cat\/zer-les-salines\/portada\/els-mes-petits-de-lescola-ja-shan-adaptat-a-la-llar\/","title":{"rendered":"Els m\u00e9s petits de l\u2019escola ja s&#8217;han adaptat a la llar!"},"content":{"rendered":"\n<p class=\"has-text-align-left\">Els nostres petits de l\u2019escola, els <strong>esquirols<\/strong> de la llar, aquest <strong>primer trimestre<\/strong> han estat molt entretinguts. El primer gran repte per a ells&#8230;. L\u2019<strong>ADAPTACI\u00d3<\/strong>! una primera situaci\u00f3 d\u2019aprenentatge s\u00faper dif\u00edcil&#8230; acceptar un nou espai on passar unes hores del dia, compartir l\u2019espai i el joc amb els seus nous companys, compartir les joguines, aprendre els h\u00e0bits i rutines de l\u2019escola, i sobretot, trobar a faltar a la fam\u00edlia&#8230; Un proc\u00e9s de socialitzaci\u00f3 que cada infant ha viscut al seu ritme&#8230; Tot i aix\u00ed, han gaudit molt! <br><strong>I ara, ja els tenim tots adaptats i gaudint del dia a dia tot jugant, experimentant i construint&#8230;<\/strong><\/p>\n\n\n\n<p>Si voleu veure algunes fotografies<strong>&nbsp;<em>cliqueu els diferents enlla\u00e7os<\/em>:<\/strong><\/p>\n\n\n\n<p><a href=\"https:\/\/drive.google.com\/drive\/folders\/1raHhfTj1mYhZ60yWQW7P7k-xwOJeUjSx?usp=sharing\"><strong>Experimentem i manipulem diferents materials naturals&#8230; I pintem amb colors de la tardor&#8230; <\/strong><\/a><em><strong><a href=\"https:\/\/drive.google.com\/drive\/folders\/1raHhfTj1mYhZ60yWQW7P7k-xwOJeUjSx?usp=sharing\">Veure fotos<\/a><\/strong><\/em><\/p>\n\n\n\n<p><a href=\"https:\/\/drive.google.com\/drive\/folders\/1usQSlbbFnOwCE5SavoFupviSvA_7gkX4?usp=sharing\"><strong>Juguem amb els companys i les companyes compartint el joc i les joguines&#8230;<\/strong><\/a><em><strong><a href=\"https:\/\/drive.google.com\/drive\/folders\/1usQSlbbFnOwCE5SavoFupviSvA_7gkX4?usp=sharing\">Veure fotos<\/a><\/strong><\/em><\/p>\n\n\n\n<p><a href=\"https:\/\/drive.google.com\/drive\/folders\/1IFe7UqFp5h3uoGkAyqMpvkKDtkCkfNjS?usp=sharing\"><strong>Gaudim del nostre entorn amb la sortida de la tardor&#8230;<\/strong><\/a><em><strong><a href=\"https:\/\/drive.google.com\/drive\/folders\/1IFe7UqFp5h3uoGkAyqMpvkKDtkCkfNjS?usp=sharing\">Veure fotos<\/a><\/strong><\/em><\/p>\n\n\n\n<p><\/p>\n\n\n\n<p class=\"has-white-color has-text-color has-link-color wp-elements-86ee2d41681b51910d65bec3f4a41b7f\">VEURE FOTOS<\/p>\n\n\n\n<p><\/p>\n\n\n\n<p><\/p>\n\n\n\n<p><\/p>\n\n\n\n<p><\/p>\n\n\n\n<p><\/p>\n","protected":false},"excerpt":{"rendered":"<p>Els nostres petits de l\u2019escola, els esquirols de la llar, aquest primer trimestre han estat molt entretinguts. El primer gran repte per a ells&#8230;. L\u2019ADAPTACI\u00d3! una primera situaci\u00f3 d\u2019aprenentatge s\u00faper dif\u00edcil&#8230; acceptar un nou espai on passar unes hores del dia, compartir l\u2019espai i el&hellip;  <a href=\"https:\/\/agora.xtec.cat\/zer-les-salines\/portada\/els-mes-petits-de-lescola-ja-shan-adaptat-a-la-llar\/\" title=\"Read Els m\u00e9s petits de l\u2019escola ja s&#8217;han adaptat a la llar!\">Llegeix m\u00e9s\u00bb<\/a><\/p>\n","protected":false},"author":77,"featured_media":0,"comment_status":"open","ping_status":"open","sticky":false,"template":"","format":"standard","meta":{"_bbp_topic_count":0,"_bbp_reply_count":0,"_bbp_total_topic_count":0,"_bbp_total_reply_count":0,"_bbp_voice_count":0,"_bbp_anonymous_reply_count":0,"_bbp_topic_count_hidden":0,"_bbp_reply_count_hidden":0,"_bbp_forum_subforum_count":0,"footnotes":""},"categories":[114,29],"tags":[478,459,458,500,508],"class_list":["post-2630","post","type-post","status-publish","format-standard","hentry","category-blog-escola-lessalines","category-portada","tag-adaptacio","tag-infantil","tag-llar","tag-llar-dinfants","tag-natura"],"post_mailing_queue_ids":[],"_links":{"self":[{"href":"https:\/\/agora.xtec.cat\/zer-les-salines\/wp-json\/wp\/v2\/posts\/2630","targetHints":{"allow":["GET"]}}],"collection":[{"href":"https:\/\/agora.xtec.cat\/zer-les-salines\/wp-json\/wp\/v2\/posts"}],"about":[{"href":"https:\/\/agora.xtec.cat\/zer-les-salines\/wp-json\/wp\/v2\/types\/post"}],"author":[{"embeddable":true,"href":"https:\/\/agora.xtec.cat\/zer-les-salines\/wp-json\/wp\/v2\/users\/77"}],"replies":[{"embeddable":true,"href":"https:\/\/agora.xtec.cat\/zer-les-salines\/wp-json\/wp\/v2\/comments?post=2630"}],"version-history":[{"count":5,"href":"https:\/\/agora.xtec.cat\/zer-les-salines\/wp-json\/wp\/v2\/posts\/2630\/revisions"}],"predecessor-version":[{"id":2644,"href":"https:\/\/agora.xtec.cat\/zer-les-salines\/wp-json\/wp\/v2\/posts\/2630\/revisions\/2644"}],"wp:attachment":[{"href":"https:\/\/agora.xtec.cat\/zer-les-salines\/wp-json\/wp\/v2\/media?parent=2630"}],"wp:term":[{"taxonomy":"category","embeddable":true,"href":"https:\/\/agora.xtec.cat\/zer-les-salines\/wp-json\/wp\/v2\/categories?post=2630"},{"taxonomy":"post_tag","embeddable":true,"href":"https:\/\/agora.xtec.cat\/zer-les-salines\/wp-json\/wp\/v2\/tags?post=2630"}],"curies":[{"name":"wp","href":"https:\/\/api.w.org\/{rel}","templated":true}]}}