{"id":2627,"date":"2024-11-29T15:47:35","date_gmt":"2024-11-29T14:47:35","guid":{"rendered":"https:\/\/agora.xtec.cat\/zer-les-salines\/?p=2627"},"modified":"2024-11-29T15:47:37","modified_gmt":"2024-11-29T14:47:37","slug":"compartim-amb-les-persones-grans","status":"publish","type":"post","link":"https:\/\/agora.xtec.cat\/zer-les-salines\/portada\/compartim-amb-les-persones-grans\/","title":{"rendered":"Compartim amb les persones grans"},"content":{"rendered":"\n<p>La primera setmana de novembre va ser la setmana de compartir amb les persones grans. Des del consell comarcal de l&#8217;Alt Empord\u00e0 ens van proposar l&#8217;activitat &#8220;ballem amb la m\u00fasica d&#8217;ara i d&#8217;abans&#8221;. El dia 5, els alumnes de prim\u00e0ria vam compartir una jornada intergeneracional amb la qual vam gaudir de valent! Va ser un dia entranyable que esperem poder repetir ben aviat. Us en deixem un recull de <a href=\"https:\/\/drive.google.com\/drive\/folders\/1fJJ-nNOtk8-cp7GN0rSj24C4z8cj_UBX?usp=drive_link\" data-type=\"link\" data-id=\"https:\/\/drive.google.com\/drive\/folders\/1fJJ-nNOtk8-cp7GN0rSj24C4z8cj_UBX?usp=drive_link\">fotografies i v\u00eddeos<\/a> perqu\u00e8 en pugueu formar part des de casa. <\/p>\n\n\n\n<p class=\"has-small-font-size\"><strong>Recordeu que per poder veure les fotografies heu d\u2019accedir amb l\u2019usuari i contrasenya de la @zerlessalines.cat<\/strong><\/p>\n","protected":false},"excerpt":{"rendered":"<p>La primera setmana de novembre va ser la setmana de compartir amb les persones grans. Des del consell comarcal de l&#8217;Alt Empord\u00e0 ens van proposar l&#8217;activitat &#8220;ballem amb la m\u00fasica d&#8217;ara i d&#8217;abans&#8221;. El dia 5, els alumnes de prim\u00e0ria vam compartir una jornada intergeneracional&hellip;  <a href=\"https:\/\/agora.xtec.cat\/zer-les-salines\/portada\/compartim-amb-les-persones-grans\/\" title=\"Read Compartim amb les persones grans\">Llegeix m\u00e9s\u00bb<\/a><\/p>\n","protected":false},"author":94,"featured_media":2628,"comment_status":"open","ping_status":"open","sticky":false,"template":"","format":"standard","meta":{"_bbp_topic_count":0,"_bbp_reply_count":0,"_bbp_total_topic_count":0,"_bbp_total_reply_count":0,"_bbp_voice_count":0,"_bbp_anonymous_reply_count":0,"_bbp_topic_count_hidden":0,"_bbp_reply_count_hidden":0,"_bbp_forum_subforum_count":0,"footnotes":""},"categories":[114,29],"tags":[545,547,539,546],"class_list":["post-2627","post","type-post","status-publish","format-standard","has-post-thumbnail","hentry","category-blog-escola-lessalines","category-portada","tag-compartim-amb-la-gent-gran","tag-consell-comarcal","tag-curs-24-25","tag-musica-dara-i-dabans"],"post_mailing_queue_ids":[],"_links":{"self":[{"href":"https:\/\/agora.xtec.cat\/zer-les-salines\/wp-json\/wp\/v2\/posts\/2627","targetHints":{"allow":["GET"]}}],"collection":[{"href":"https:\/\/agora.xtec.cat\/zer-les-salines\/wp-json\/wp\/v2\/posts"}],"about":[{"href":"https:\/\/agora.xtec.cat\/zer-les-salines\/wp-json\/wp\/v2\/types\/post"}],"author":[{"embeddable":true,"href":"https:\/\/agora.xtec.cat\/zer-les-salines\/wp-json\/wp\/v2\/users\/94"}],"replies":[{"embeddable":true,"href":"https:\/\/agora.xtec.cat\/zer-les-salines\/wp-json\/wp\/v2\/comments?post=2627"}],"version-history":[{"count":1,"href":"https:\/\/agora.xtec.cat\/zer-les-salines\/wp-json\/wp\/v2\/posts\/2627\/revisions"}],"predecessor-version":[{"id":2629,"href":"https:\/\/agora.xtec.cat\/zer-les-salines\/wp-json\/wp\/v2\/posts\/2627\/revisions\/2629"}],"wp:featuredmedia":[{"embeddable":true,"href":"https:\/\/agora.xtec.cat\/zer-les-salines\/wp-json\/wp\/v2\/media\/2628"}],"wp:attachment":[{"href":"https:\/\/agora.xtec.cat\/zer-les-salines\/wp-json\/wp\/v2\/media?parent=2627"}],"wp:term":[{"taxonomy":"category","embeddable":true,"href":"https:\/\/agora.xtec.cat\/zer-les-salines\/wp-json\/wp\/v2\/categories?post=2627"},{"taxonomy":"post_tag","embeddable":true,"href":"https:\/\/agora.xtec.cat\/zer-les-salines\/wp-json\/wp\/v2\/tags?post=2627"}],"curies":[{"name":"wp","href":"https:\/\/api.w.org\/{rel}","templated":true}]}}