{"id":2620,"date":"2024-11-28T13:36:53","date_gmt":"2024-11-28T12:36:53","guid":{"rendered":"https:\/\/agora.xtec.cat\/zer-les-salines\/?p=2620"},"modified":"2024-11-28T13:36:55","modified_gmt":"2024-11-28T12:36:55","slug":"la-castanyada","status":"publish","type":"post","link":"https:\/\/agora.xtec.cat\/zer-les-salines\/portada\/la-castanyada\/","title":{"rendered":"La castanyada"},"content":{"rendered":"\n<p class=\"has-medium-font-size\">El passat 30 d&#8217;octubre els alumnes de l&#8217;escola Les Salines vam celebrar la castanyada. Al mat\u00ed, els alumnes d&#8217;infantil vam anar fins a la Farga en taxi i vam estar recollint tresors que ens ofereix el bosc. La resta d&#8217;alumnes de l&#8217;escola vam venir caminant i ens vam reunir tots per esmorzar i tornar plegats. <br><br>A la tarda, tots els alumnes de l&#8217;escola, des de i1 fins a 6\u00e8, van ballar les danses que havien preparat amb en Jeroni, el nostre mestre de m\u00fasica. L&#8217;AFA va torrar les castanyes que ens vam menjar per berenar. Malgrat la pluja va ser un dia fant\u00e0stic i ens ho vam passar d&#8217;all\u00f2 m\u00e9s b\u00e9. Us deixem un recull de <a href=\"https:\/\/drive.google.com\/drive\/folders\/1cebMa73wXovMlbmytXYfl054R5dR7YTS?usp=drive_link\">fotografies i v\u00eddeos<\/a> perqu\u00e8 pugueu recordar-ho tots plegats. A reveure!<br><\/p>\n\n\n\n<p class=\"has-small-font-size\"><strong>Recordeu que per poder veure les fotografies heu d&#8217;accedir amb l&#8217;usuari i contrasenya de la @zerlessalines.cat<\/strong><\/p>\n","protected":false},"excerpt":{"rendered":"<p>El passat 30 d&#8217;octubre els alumnes de l&#8217;escola Les Salines vam celebrar la castanyada. Al mat\u00ed, els alumnes d&#8217;infantil vam anar fins a la Farga en taxi i vam estar recollint tresors que ens ofereix el bosc. La resta d&#8217;alumnes de l&#8217;escola vam venir caminant&hellip;  <a href=\"https:\/\/agora.xtec.cat\/zer-les-salines\/portada\/la-castanyada\/\" title=\"Read La castanyada\">Llegeix m\u00e9s\u00bb<\/a><\/p>\n","protected":false},"author":94,"featured_media":2625,"comment_status":"open","ping_status":"open","sticky":false,"template":"","format":"standard","meta":{"_bbp_topic_count":0,"_bbp_reply_count":0,"_bbp_total_topic_count":0,"_bbp_total_reply_count":0,"_bbp_voice_count":0,"_bbp_anonymous_reply_count":0,"_bbp_topic_count_hidden":0,"_bbp_reply_count_hidden":0,"_bbp_forum_subforum_count":0,"footnotes":""},"categories":[114,29],"tags":[209,539,222],"class_list":["post-2620","post","type-post","status-publish","format-standard","has-post-thumbnail","hentry","category-blog-escola-lessalines","category-portada","tag-castanyada","tag-curs-24-25","tag-macanet"],"post_mailing_queue_ids":[],"_links":{"self":[{"href":"https:\/\/agora.xtec.cat\/zer-les-salines\/wp-json\/wp\/v2\/posts\/2620","targetHints":{"allow":["GET"]}}],"collection":[{"href":"https:\/\/agora.xtec.cat\/zer-les-salines\/wp-json\/wp\/v2\/posts"}],"about":[{"href":"https:\/\/agora.xtec.cat\/zer-les-salines\/wp-json\/wp\/v2\/types\/post"}],"author":[{"embeddable":true,"href":"https:\/\/agora.xtec.cat\/zer-les-salines\/wp-json\/wp\/v2\/users\/94"}],"replies":[{"embeddable":true,"href":"https:\/\/agora.xtec.cat\/zer-les-salines\/wp-json\/wp\/v2\/comments?post=2620"}],"version-history":[{"count":1,"href":"https:\/\/agora.xtec.cat\/zer-les-salines\/wp-json\/wp\/v2\/posts\/2620\/revisions"}],"predecessor-version":[{"id":2626,"href":"https:\/\/agora.xtec.cat\/zer-les-salines\/wp-json\/wp\/v2\/posts\/2620\/revisions\/2626"}],"wp:featuredmedia":[{"embeddable":true,"href":"https:\/\/agora.xtec.cat\/zer-les-salines\/wp-json\/wp\/v2\/media\/2625"}],"wp:attachment":[{"href":"https:\/\/agora.xtec.cat\/zer-les-salines\/wp-json\/wp\/v2\/media?parent=2620"}],"wp:term":[{"taxonomy":"category","embeddable":true,"href":"https:\/\/agora.xtec.cat\/zer-les-salines\/wp-json\/wp\/v2\/categories?post=2620"},{"taxonomy":"post_tag","embeddable":true,"href":"https:\/\/agora.xtec.cat\/zer-les-salines\/wp-json\/wp\/v2\/tags?post=2620"}],"curies":[{"name":"wp","href":"https:\/\/api.w.org\/{rel}","templated":true}]}}