{"id":2607,"date":"2024-11-04T17:53:24","date_gmt":"2024-11-04T16:53:24","guid":{"rendered":"https:\/\/agora.xtec.cat\/zer-les-salines\/?p=2607"},"modified":"2024-11-28T18:15:53","modified_gmt":"2024-11-28T17:15:53","slug":"campanya-de-recollida-de-material-escolar-pel-pais-valencia","status":"publish","type":"post","link":"https:\/\/agora.xtec.cat\/zer-les-salines\/general\/campanya-de-recollida-de-material-escolar-pel-pais-valencia\/","title":{"rendered":"Campanya de Recollida de Material Escolar pel Pa\u00eds Valenci\u00e0"},"content":{"rendered":"\n<p>Les escoles de l&#8217;Alt Empord\u00e0 iniciem una campanya de recollida, en solidaritat a les escoles del Pa\u00eds Valenci\u00e0 afectades per la DANA.<\/p>\n\n\n\n<p>Podeu portar:<\/p>\n\n\n\n<ul class=\"wp-block-list\">\n<li>Material educatiu<\/li>\n\n\n\n<li>Contes<\/li>\n\n\n\n<li>Recursos educatius<\/li>\n\n\n\n<li>Botes d&#8217;aigua per a infants<\/li>\n<\/ul>\n\n\n\n<figure class=\"wp-block-image\"><img loading=\"lazy\" decoding=\"async\" width=\"3214\" height=\"4500\" src=\"https:\/\/agora.xtec.cat\/zer-les-salines\/wp-content\/uploads\/usu1080\/2024\/11\/Cartell-recollida-material-escolar-Pais-Valencia.png\" alt=\"Cartell solidari Pa\u00eds Valenci\u00e0\" class=\"wp-image-2609\" srcset=\"https:\/\/agora.xtec.cat\/zer-les-salines\/wp-content\/uploads\/usu1080\/2024\/11\/Cartell-recollida-material-escolar-Pais-Valencia.png 3214w, https:\/\/agora.xtec.cat\/zer-les-salines\/wp-content\/uploads\/usu1080\/2024\/11\/Cartell-recollida-material-escolar-Pais-Valencia-214x300.png 214w, https:\/\/agora.xtec.cat\/zer-les-salines\/wp-content\/uploads\/usu1080\/2024\/11\/Cartell-recollida-material-escolar-Pais-Valencia-731x1024.png 731w, https:\/\/agora.xtec.cat\/zer-les-salines\/wp-content\/uploads\/usu1080\/2024\/11\/Cartell-recollida-material-escolar-Pais-Valencia-768x1075.png 768w, https:\/\/agora.xtec.cat\/zer-les-salines\/wp-content\/uploads\/usu1080\/2024\/11\/Cartell-recollida-material-escolar-Pais-Valencia-1097x1536.png 1097w, https:\/\/agora.xtec.cat\/zer-les-salines\/wp-content\/uploads\/usu1080\/2024\/11\/Cartell-recollida-material-escolar-Pais-Valencia-1463x2048.png 1463w\" sizes=\"auto, (max-width: 3214px) 100vw, 3214px\" \/><\/figure>\n","protected":false},"excerpt":{"rendered":"<p>Les escoles de l&#8217;Alt Empord\u00e0 iniciem una campanya de recollida, en solidaritat a les escoles del Pa\u00eds Valenci\u00e0 afectades per la DANA.<\/p>\n<p>Podeu portar:<\/p>\n<ul class=\"wp-block-list\">\n<li>Material educatiu<\/li>\n<li>Contes<\/li>\n<li>Recursos educatius<\/li>\n<li>Botes d&#8217;aigua per a infants<\/li>\n<\/ul>\n","protected":false},"author":1,"featured_media":2609,"comment_status":"open","ping_status":"open","sticky":false,"template":"","format":"standard","meta":{"_bbp_topic_count":0,"_bbp_reply_count":0,"_bbp_total_topic_count":0,"_bbp_total_reply_count":0,"_bbp_voice_count":0,"_bbp_anonymous_reply_count":0,"_bbp_topic_count_hidden":0,"_bbp_reply_count_hidden":0,"_bbp_forum_subforum_count":0,"footnotes":""},"categories":[125,227,1,29],"tags":[539,541,540],"class_list":["post-2607","post","type-post","status-publish","format-standard","has-post-thumbnail","hentry","category-activitatszer","category-families","category-general","category-portada","tag-curs-24-25","tag-pais-valencia","tag-solidaritat"],"post_mailing_queue_ids":[],"_links":{"self":[{"href":"https:\/\/agora.xtec.cat\/zer-les-salines\/wp-json\/wp\/v2\/posts\/2607","targetHints":{"allow":["GET"]}}],"collection":[{"href":"https:\/\/agora.xtec.cat\/zer-les-salines\/wp-json\/wp\/v2\/posts"}],"about":[{"href":"https:\/\/agora.xtec.cat\/zer-les-salines\/wp-json\/wp\/v2\/types\/post"}],"author":[{"embeddable":true,"href":"https:\/\/agora.xtec.cat\/zer-les-salines\/wp-json\/wp\/v2\/users\/1"}],"replies":[{"embeddable":true,"href":"https:\/\/agora.xtec.cat\/zer-les-salines\/wp-json\/wp\/v2\/comments?post=2607"}],"version-history":[{"count":2,"href":"https:\/\/agora.xtec.cat\/zer-les-salines\/wp-json\/wp\/v2\/posts\/2607\/revisions"}],"predecessor-version":[{"id":2610,"href":"https:\/\/agora.xtec.cat\/zer-les-salines\/wp-json\/wp\/v2\/posts\/2607\/revisions\/2610"}],"wp:featuredmedia":[{"embeddable":true,"href":"https:\/\/agora.xtec.cat\/zer-les-salines\/wp-json\/wp\/v2\/media\/2609"}],"wp:attachment":[{"href":"https:\/\/agora.xtec.cat\/zer-les-salines\/wp-json\/wp\/v2\/media?parent=2607"}],"wp:term":[{"taxonomy":"category","embeddable":true,"href":"https:\/\/agora.xtec.cat\/zer-les-salines\/wp-json\/wp\/v2\/categories?post=2607"},{"taxonomy":"post_tag","embeddable":true,"href":"https:\/\/agora.xtec.cat\/zer-les-salines\/wp-json\/wp\/v2\/tags?post=2607"}],"curies":[{"name":"wp","href":"https:\/\/api.w.org\/{rel}","templated":true}]}}