{"id":2605,"date":"2024-11-04T13:30:00","date_gmt":"2024-11-04T12:30:00","guid":{"rendered":"https:\/\/agora.xtec.cat\/zer-les-salines\/?p=2605"},"modified":"2024-11-04T17:55:20","modified_gmt":"2024-11-04T16:55:20","slug":"primera-trobada-zer-les-salines","status":"publish","type":"post","link":"https:\/\/agora.xtec.cat\/zer-les-salines\/general\/primera-trobada-zer-les-salines\/","title":{"rendered":"Primera trobada ZER Les Salines"},"content":{"rendered":"\n<p>El passat 3 i 4 d\u2019octubre, els alumnes de les tres escoles de la nostra ZER han viscut una experi\u00e8ncia inoblidable en la nostra primera trobada conjunta a l\u2019escola de Santa Cec\u00edlia. Va ser una oportunitat \u00fanica de compartir aprenentatges, aventures i, sobretot, moments de conviv\u00e8ncia que ens han unit molt m\u00e9s com a comunitat.<\/p>\n\n\n\n<h3 class=\"wp-block-heading\"><strong>Un repte emocionant per comen\u00e7ar el dia!<\/strong><\/h3>\n\n\n\n<p>La jornada va comen\u00e7ar amb una trucada sorpresa de R\u00e0dio Flaixbac, qui ens va llan\u00e7ar un repte molt especial: <strong>crear la nostra pr\u00f2pia r\u00e0dio!<\/strong> Els nens i nenes, emocionats, van comen\u00e7ar a imaginar com podria ser aquesta r\u00e0dio feta per i per a ells. Despr\u00e9s, es van organitzar diferents tallers relacionats amb el m\u00f3n de la r\u00e0dio, on van aprendre sobre la creaci\u00f3 de continguts, la modulaci\u00f3 de veu i el treball en equip.<\/p>\n\n\n\n<h3 class=\"wp-block-heading\"><strong>Excursi\u00f3 a la Portella i joc de Nit<\/strong><\/h3>\n\n\n\n<p>Despr\u00e9s de dinar, els alumnes de cicle mitj\u00e0 i superior es van enfilar fins a la Portella, gaudint d\u2019unes vistes espectaculars. A la nit, vam sopar tots junts i vam gaudir d\u2019un emocionant joc de nit, que va ser el punt culminant del dia per molts. Despr\u00e9s d\u2019un dia tan intens, vam passar la nit a la Sala.<\/p>\n\n\n\n<h3 class=\"wp-block-heading\"><strong>Visita a la formatgeria Artesans dels Avalls<\/strong><\/h3>\n\n\n\n<p>L&#8217;endem\u00e0, amb energies renovades, vam anar a peu fins a la formatgeria Artesans dels Avalls, on en Phill ens va ensenyar com elabora els seus formatges artesans. L\u2019alumnat va tenir l\u2019oportunitat de veure de prop el proc\u00e9s, fer preguntes i, finalment, tastar els diferents formatges. Un tast que molts no oblidaran!<\/p>\n\n\n\n<h3 class=\"wp-block-heading\"><strong>Un dinar a Les Escaules per acabar<\/strong><\/h3>\n\n\n\n<p>Despr\u00e9s de la visita, vam caminar fins a Les Escaules, on vam dinar a la Societat Escaulenca i vam concloure la nostra aventura.\u00a0<strong>Podeu veure les fotografies i el v\u00eddeo d\u2019aquesta experi\u00e8ncia en aquest <a href=\"https:\/\/drive.google.com\/drive\/folders\/1EctTWKi6gra60kVzO1eqLNg9T8HHhH1y?usp=sharing\">enlla\u00e7<\/a>.<\/strong> Esperem que gaudiu tant com nosaltres en recordar aquests moments!<\/p>\n\n\n\n<p><sup>Recordeu que per poder visualitzar les fotografies i el v\u00eddeo heu d&#8217;accedir amb l&#8217;usuari i la contrasenya del @zerlessalines.cat del vostre fill o de la vostra filla. <\/sup><\/p>\n","protected":false},"excerpt":{"rendered":"<p>El passat 3 i 4 d\u2019octubre, els alumnes de les tres escoles de la nostra ZER han viscut una experi\u00e8ncia inoblidable en la nostra primera trobada conjunta a l\u2019escola de Santa Cec\u00edlia. Va ser una oportunitat \u00fanica de compartir aprenentatges, aventures i, sobretot, moments de&hellip;  <a href=\"https:\/\/agora.xtec.cat\/zer-les-salines\/general\/primera-trobada-zer-les-salines\/\" title=\"Read Primera trobada ZER Les Salines\">Llegeix m\u00e9s\u00bb<\/a><\/p>\n","protected":false},"author":1,"featured_media":2400,"comment_status":"open","ping_status":"closed","sticky":false,"template":"","format":"standard","meta":{"_bbp_topic_count":0,"_bbp_reply_count":0,"_bbp_total_topic_count":0,"_bbp_total_reply_count":0,"_bbp_voice_count":0,"_bbp_anonymous_reply_count":0,"_bbp_topic_count_hidden":0,"_bbp_reply_count_hidden":0,"_bbp_forum_subforum_count":0,"footnotes":""},"categories":[125,1,29],"tags":[194,539,543,507,542],"class_list":["post-2605","post","type-post","status-publish","format-standard","has-post-thumbnail","hentry","category-activitatszer","category-general","category-portada","tag-boadella","tag-curs-24-25","tag-formatges","tag-primera-trobada","tag-radio"],"post_mailing_queue_ids":[],"_links":{"self":[{"href":"https:\/\/agora.xtec.cat\/zer-les-salines\/wp-json\/wp\/v2\/posts\/2605","targetHints":{"allow":["GET"]}}],"collection":[{"href":"https:\/\/agora.xtec.cat\/zer-les-salines\/wp-json\/wp\/v2\/posts"}],"about":[{"href":"https:\/\/agora.xtec.cat\/zer-les-salines\/wp-json\/wp\/v2\/types\/post"}],"author":[{"embeddable":true,"href":"https:\/\/agora.xtec.cat\/zer-les-salines\/wp-json\/wp\/v2\/users\/1"}],"replies":[{"embeddable":true,"href":"https:\/\/agora.xtec.cat\/zer-les-salines\/wp-json\/wp\/v2\/comments?post=2605"}],"version-history":[{"count":1,"href":"https:\/\/agora.xtec.cat\/zer-les-salines\/wp-json\/wp\/v2\/posts\/2605\/revisions"}],"predecessor-version":[{"id":2606,"href":"https:\/\/agora.xtec.cat\/zer-les-salines\/wp-json\/wp\/v2\/posts\/2605\/revisions\/2606"}],"wp:featuredmedia":[{"embeddable":true,"href":"https:\/\/agora.xtec.cat\/zer-les-salines\/wp-json\/wp\/v2\/media\/2400"}],"wp:attachment":[{"href":"https:\/\/agora.xtec.cat\/zer-les-salines\/wp-json\/wp\/v2\/media?parent=2605"}],"wp:term":[{"taxonomy":"category","embeddable":true,"href":"https:\/\/agora.xtec.cat\/zer-les-salines\/wp-json\/wp\/v2\/categories?post=2605"},{"taxonomy":"post_tag","embeddable":true,"href":"https:\/\/agora.xtec.cat\/zer-les-salines\/wp-json\/wp\/v2\/tags?post=2605"}],"curies":[{"name":"wp","href":"https:\/\/api.w.org\/{rel}","templated":true}]}}