{"id":2600,"date":"2024-10-23T19:32:44","date_gmt":"2024-10-23T17:32:44","guid":{"rendered":"https:\/\/agora.xtec.cat\/zer-les-salines\/?p=2600"},"modified":"2024-10-23T19:32:45","modified_gmt":"2024-10-23T17:32:45","slug":"halloween-a-macanet-de-cabrenys-2","status":"publish","type":"post","link":"https:\/\/agora.xtec.cat\/zer-les-salines\/portada\/halloween-a-macanet-de-cabrenys-2\/","title":{"rendered":"Halloween a Ma\u00e7anet de Cabrenys"},"content":{"rendered":"\n<p>El pr\u00f2xim 31<strong> d&#8217;octubre de 2024<\/strong>, us convidem a participar en una tarda plena de diversi\u00f3 i misteri organitzada per l&#8217;AFA de l&#8217;Escola Les Salines amb el suport de l&#8217;Ajuntament de Ma\u00e7anet de Cabrenys i Acting Events.<\/p>\n\n\n\n<p>Per fer m\u00e9s amena la vetllada, podreu gaudir de <strong>begudes i entrepans<\/strong> al servei de bar disponible durant tot l&#8217;esdeveniment.<\/p>\n\n\n\n<figure class=\"wp-block-image\"><img loading=\"lazy\" decoding=\"async\" width=\"1131\" height=\"1600\" src=\"https:\/\/agora.xtec.cat\/zer-les-salines\/wp-content\/uploads\/usu1080\/2024\/10\/1729625765815.jpg\" alt=\"\" class=\"wp-image-2601\" srcset=\"https:\/\/agora.xtec.cat\/zer-les-salines\/wp-content\/uploads\/usu1080\/2024\/10\/1729625765815.jpg 1131w, https:\/\/agora.xtec.cat\/zer-les-salines\/wp-content\/uploads\/usu1080\/2024\/10\/1729625765815-212x300.jpg 212w, https:\/\/agora.xtec.cat\/zer-les-salines\/wp-content\/uploads\/usu1080\/2024\/10\/1729625765815-724x1024.jpg 724w, https:\/\/agora.xtec.cat\/zer-les-salines\/wp-content\/uploads\/usu1080\/2024\/10\/1729625765815-768x1086.jpg 768w, https:\/\/agora.xtec.cat\/zer-les-salines\/wp-content\/uploads\/usu1080\/2024\/10\/1729625765815-1086x1536.jpg 1086w\" sizes=\"auto, (max-width: 1131px) 100vw, 1131px\" \/><\/figure>\n","protected":false},"excerpt":{"rendered":"<p>El pr\u00f2xim 31 d&#8217;octubre de 2024, us convidem a participar en una tarda plena de diversi\u00f3 i misteri organitzada per l&#8217;AFA de l&#8217;Escola Les Salines amb el suport de l&#8217;Ajuntament de Ma\u00e7anet de Cabrenys i Acting Events.<\/p>\n<p>Per fer m\u00e9s amena la vetllada, podreu gaudir de&hellip;  <a href=\"https:\/\/agora.xtec.cat\/zer-les-salines\/portada\/halloween-a-macanet-de-cabrenys-2\/\" title=\"Read Halloween a Ma\u00e7anet de Cabrenys\">Llegeix m\u00e9s\u00bb<\/a><\/p>\n","protected":false},"author":1,"featured_media":2601,"comment_status":"open","ping_status":"open","sticky":false,"template":"","format":"standard","meta":{"_bbp_topic_count":0,"_bbp_reply_count":0,"_bbp_total_topic_count":0,"_bbp_total_reply_count":0,"_bbp_voice_count":0,"_bbp_anonymous_reply_count":0,"_bbp_topic_count_hidden":0,"_bbp_reply_count_hidden":0,"_bbp_forum_subforum_count":0,"footnotes":""},"categories":[227,29],"tags":[539,401,409],"class_list":["post-2600","post","type-post","status-publish","format-standard","has-post-thumbnail","hentry","category-families","category-portada","tag-curs-24-25","tag-halloween","tag-macanet-de-cabrenys"],"post_mailing_queue_ids":[],"_links":{"self":[{"href":"https:\/\/agora.xtec.cat\/zer-les-salines\/wp-json\/wp\/v2\/posts\/2600","targetHints":{"allow":["GET"]}}],"collection":[{"href":"https:\/\/agora.xtec.cat\/zer-les-salines\/wp-json\/wp\/v2\/posts"}],"about":[{"href":"https:\/\/agora.xtec.cat\/zer-les-salines\/wp-json\/wp\/v2\/types\/post"}],"author":[{"embeddable":true,"href":"https:\/\/agora.xtec.cat\/zer-les-salines\/wp-json\/wp\/v2\/users\/1"}],"replies":[{"embeddable":true,"href":"https:\/\/agora.xtec.cat\/zer-les-salines\/wp-json\/wp\/v2\/comments?post=2600"}],"version-history":[{"count":1,"href":"https:\/\/agora.xtec.cat\/zer-les-salines\/wp-json\/wp\/v2\/posts\/2600\/revisions"}],"predecessor-version":[{"id":2602,"href":"https:\/\/agora.xtec.cat\/zer-les-salines\/wp-json\/wp\/v2\/posts\/2600\/revisions\/2602"}],"wp:featuredmedia":[{"embeddable":true,"href":"https:\/\/agora.xtec.cat\/zer-les-salines\/wp-json\/wp\/v2\/media\/2601"}],"wp:attachment":[{"href":"https:\/\/agora.xtec.cat\/zer-les-salines\/wp-json\/wp\/v2\/media?parent=2600"}],"wp:term":[{"taxonomy":"category","embeddable":true,"href":"https:\/\/agora.xtec.cat\/zer-les-salines\/wp-json\/wp\/v2\/categories?post=2600"},{"taxonomy":"post_tag","embeddable":true,"href":"https:\/\/agora.xtec.cat\/zer-les-salines\/wp-json\/wp\/v2\/tags?post=2600"}],"curies":[{"name":"wp","href":"https:\/\/api.w.org\/{rel}","templated":true}]}}