{"id":2587,"date":"2024-10-08T11:01:14","date_gmt":"2024-10-08T09:01:14","guid":{"rendered":"https:\/\/agora.xtec.cat\/zer-les-salines\/?p=2587"},"modified":"2024-10-08T11:04:33","modified_gmt":"2024-10-08T09:04:33","slug":"circuit-comarcal-de-cros-2024-2025","status":"publish","type":"post","link":"https:\/\/agora.xtec.cat\/zer-les-salines\/portada\/circuit-comarcal-de-cros-2024-2025\/","title":{"rendered":"Circuit comarcal de cros 2024-2025"},"content":{"rendered":"\n<h5 class=\"wp-block-heading has-black-color has-text-color has-link-color wp-elements-76183e784579ed890e03179a7067315a\">Com cada any, des del Consell Esportiu de l\u2019Alt Empord\u00e0 organitzen el Circuit Comarcal de Cros conjuntament amb Ajuntaments, AFAS i entitats esportives adherides al programa.\u00a0<\/h5>\n\n\n\n<h5 class=\"wp-block-heading has-black-color has-text-color has-link-color wp-elements-04e3390386656f5df98199941f87c078\">Cinc proves atl\u00e8tiques que es realitzen a diferents municipis de la comarca i\u00a0<strong>amb la participaci\u00f3 oberta a tot el p\u00fablic a partir dels 3 anys (cursant I3).\u00a0<\/strong><\/h5>\n\n\n\n<h5 class=\"wp-block-heading has-black-color has-text-color has-link-color wp-elements-26b9f90e44f5ad96538fd6535c6c8cd0\">El per\u00edode d&#8217;aplicaci\u00f3 del programa \u00e9s&nbsp;<strong>d&#8217;octubre a gener<\/strong>.&nbsp;<\/h5>\n\n\n\n<h5 class=\"wp-block-heading has-black-color has-text-color has-link-color wp-elements-3606c93aa8b9950b1764a30da0ae0e9d\"><strong>CALENDARI DE LES PROVES:<\/strong><\/h5>\n\n\n\n<ol class=\"wp-block-list\">\n<li><strong>MA\u00c7ANET DE CABRENYS &#8211; 19\/10\/24<\/strong><\/li>\n\n\n\n<li><strong>FORTI\u00c0 &#8211; 09\/11\/2024<\/strong><\/li>\n\n\n\n<li><strong>NAVATA &#8211; 23\/11\/2024<\/strong><\/li>\n\n\n\n<li><strong>LA SELVA DE MAR &#8211; 14\/12\/2024<\/strong><\/li>\n\n\n\n<li><strong>L&#8217;ESCALA- 18\/01\/2025<\/strong><\/li>\n<\/ol>\n\n\n\n<p>Per a m\u00e9s informaci\u00f3 o per inscriure-us a la prova visiteu el seg\u00fcent enlla\u00e7: <a href=\"https:\/\/www.cealtemporda.cat\/ca\/circuit-comarcal-de-cross-20222023984_i8778_i10666\" data-type=\"link\" data-id=\"https:\/\/www.cealtemporda.cat\/ca\/circuit-comarcal-de-cross-20222023984_i8778_i10666\">Consell Esportiu Alt Empord\u00e0<\/a><\/p>\n\n\n\n<figure class=\"wp-block-image\"><img loading=\"lazy\" decoding=\"async\" width=\"1022\" height=\"1446\" src=\"https:\/\/agora.xtec.cat\/zer-les-salines\/wp-content\/uploads\/usu1080\/2024\/10\/1a-prova-cccros-macanet-de-cabrenys.png\" alt=\"\" class=\"wp-image-2591\" srcset=\"https:\/\/agora.xtec.cat\/zer-les-salines\/wp-content\/uploads\/usu1080\/2024\/10\/1a-prova-cccros-macanet-de-cabrenys.png 1022w, https:\/\/agora.xtec.cat\/zer-les-salines\/wp-content\/uploads\/usu1080\/2024\/10\/1a-prova-cccros-macanet-de-cabrenys-212x300.png 212w, https:\/\/agora.xtec.cat\/zer-les-salines\/wp-content\/uploads\/usu1080\/2024\/10\/1a-prova-cccros-macanet-de-cabrenys-724x1024.png 724w, https:\/\/agora.xtec.cat\/zer-les-salines\/wp-content\/uploads\/usu1080\/2024\/10\/1a-prova-cccros-macanet-de-cabrenys-768x1087.png 768w\" sizes=\"auto, (max-width: 1022px) 100vw, 1022px\" \/><\/figure>\n","protected":false},"excerpt":{"rendered":"<p>Com cada any, des del Consell Esportiu de l\u2019Alt Empord\u00e0 organitzen el Circuit Comarcal de Cros conjuntament amb Ajuntaments, AFAS i entitats esportives adherides al programa.\u00a0<\/p>\n<p>Cinc proves atl\u00e8tiques que es realitzen a diferents municipis de la comarca i\u00a0amb la participaci\u00f3 oberta a tot el p\u00fablic&hellip;  <a href=\"https:\/\/agora.xtec.cat\/zer-les-salines\/portada\/circuit-comarcal-de-cros-2024-2025\/\" title=\"Read Circuit comarcal de cros 2024-2025\">Llegeix m\u00e9s\u00bb<\/a><\/p>\n","protected":false},"author":3,"featured_media":2591,"comment_status":"open","ping_status":"open","sticky":false,"template":"","format":"standard","meta":{"_bbp_topic_count":0,"_bbp_reply_count":0,"_bbp_total_topic_count":0,"_bbp_total_reply_count":0,"_bbp_voice_count":0,"_bbp_anonymous_reply_count":0,"_bbp_topic_count_hidden":0,"_bbp_reply_count_hidden":0,"_bbp_forum_subforum_count":0,"footnotes":""},"categories":[120,29],"tags":[538,539,224],"class_list":["post-2587","post","type-post","status-publish","format-standard","has-post-thumbnail","hentry","category-ef","category-portada","tag-cros","tag-curs-24-25","tag-educacio-fisica"],"post_mailing_queue_ids":[],"_links":{"self":[{"href":"https:\/\/agora.xtec.cat\/zer-les-salines\/wp-json\/wp\/v2\/posts\/2587","targetHints":{"allow":["GET"]}}],"collection":[{"href":"https:\/\/agora.xtec.cat\/zer-les-salines\/wp-json\/wp\/v2\/posts"}],"about":[{"href":"https:\/\/agora.xtec.cat\/zer-les-salines\/wp-json\/wp\/v2\/types\/post"}],"author":[{"embeddable":true,"href":"https:\/\/agora.xtec.cat\/zer-les-salines\/wp-json\/wp\/v2\/users\/3"}],"replies":[{"embeddable":true,"href":"https:\/\/agora.xtec.cat\/zer-les-salines\/wp-json\/wp\/v2\/comments?post=2587"}],"version-history":[{"count":5,"href":"https:\/\/agora.xtec.cat\/zer-les-salines\/wp-json\/wp\/v2\/posts\/2587\/revisions"}],"predecessor-version":[{"id":2593,"href":"https:\/\/agora.xtec.cat\/zer-les-salines\/wp-json\/wp\/v2\/posts\/2587\/revisions\/2593"}],"wp:featuredmedia":[{"embeddable":true,"href":"https:\/\/agora.xtec.cat\/zer-les-salines\/wp-json\/wp\/v2\/media\/2591"}],"wp:attachment":[{"href":"https:\/\/agora.xtec.cat\/zer-les-salines\/wp-json\/wp\/v2\/media?parent=2587"}],"wp:term":[{"taxonomy":"category","embeddable":true,"href":"https:\/\/agora.xtec.cat\/zer-les-salines\/wp-json\/wp\/v2\/categories?post=2587"},{"taxonomy":"post_tag","embeddable":true,"href":"https:\/\/agora.xtec.cat\/zer-les-salines\/wp-json\/wp\/v2\/tags?post=2587"}],"curies":[{"name":"wp","href":"https:\/\/api.w.org\/{rel}","templated":true}]}}