{"id":2584,"date":"2024-07-03T12:38:41","date_gmt":"2024-07-03T10:38:41","guid":{"rendered":"https:\/\/agora.xtec.cat\/zer-les-salines\/?p=2584"},"modified":"2024-07-03T12:38:42","modified_gmt":"2024-07-03T10:38:42","slug":"1r-concurs-literari-josep-batlle-paris","status":"publish","type":"post","link":"https:\/\/agora.xtec.cat\/zer-les-salines\/portada\/1r-concurs-literari-josep-batlle-paris\/","title":{"rendered":"1R. CONCURS LITERARI JOSEP BATLLE PARIS"},"content":{"rendered":"\n<p>Us deixem un <strong><a href=\"https:\/\/drive.google.com\/drive\/folders\/1C-rPewtJeDlu_AxApuMK_MuTxx6iwu-Z\" data-type=\"link\" data-id=\"https:\/\/drive.google.com\/drive\/folders\/1C-rPewtJeDlu_AxApuMK_MuTxx6iwu-Z\">petit recull\u00a0 d&#8217;imatges<\/a><\/strong> de l&#8217;\u00faltim dia d&#8217;escola, es va dur a terme la celebraci\u00f3 i donaci\u00f3 dels premis del nostre primer concurs literari de tem\u00e0tica c\u00f2mic.<br>Volem agrair a l&#8217;ajuntament i al jurat que va participar en el nostre concurs.<\/p>\n","protected":false},"excerpt":{"rendered":"<p>Us deixem un <a href=\"https:\/\/drive.google.com\/drive\/folders\/1C-rPewtJeDlu_AxApuMK_MuTxx6iwu-Z\" data-type=\"link\" data-id=\"https:\/\/drive.google.com\/drive\/folders\/1C-rPewtJeDlu_AxApuMK_MuTxx6iwu-Z\">petit recull\u00a0 d&#8217;imatges<\/a> de l&#8217;\u00faltim dia d&#8217;escola, es va dur a terme la celebraci\u00f3 i donaci\u00f3 dels premis del nostre primer concurs literari de tem\u00e0tica c\u00f2mic.Volem agrair a l&#8217;ajuntament i al jurat que va participar en el nostre concurs.<\/p>\n","protected":false},"author":77,"featured_media":2585,"comment_status":"open","ping_status":"open","sticky":false,"template":"","format":"standard","meta":{"_bbp_topic_count":0,"_bbp_reply_count":0,"_bbp_total_topic_count":0,"_bbp_total_reply_count":0,"_bbp_voice_count":0,"_bbp_anonymous_reply_count":0,"_bbp_topic_count_hidden":0,"_bbp_reply_count_hidden":0,"_bbp_forum_subforum_count":0,"footnotes":""},"categories":[114,29],"tags":[506],"class_list":["post-2584","post","type-post","status-publish","format-standard","has-post-thumbnail","hentry","category-blog-escola-lessalines","category-portada","tag-curs-23-24"],"post_mailing_queue_ids":[],"_links":{"self":[{"href":"https:\/\/agora.xtec.cat\/zer-les-salines\/wp-json\/wp\/v2\/posts\/2584","targetHints":{"allow":["GET"]}}],"collection":[{"href":"https:\/\/agora.xtec.cat\/zer-les-salines\/wp-json\/wp\/v2\/posts"}],"about":[{"href":"https:\/\/agora.xtec.cat\/zer-les-salines\/wp-json\/wp\/v2\/types\/post"}],"author":[{"embeddable":true,"href":"https:\/\/agora.xtec.cat\/zer-les-salines\/wp-json\/wp\/v2\/users\/77"}],"replies":[{"embeddable":true,"href":"https:\/\/agora.xtec.cat\/zer-les-salines\/wp-json\/wp\/v2\/comments?post=2584"}],"version-history":[{"count":1,"href":"https:\/\/agora.xtec.cat\/zer-les-salines\/wp-json\/wp\/v2\/posts\/2584\/revisions"}],"predecessor-version":[{"id":2586,"href":"https:\/\/agora.xtec.cat\/zer-les-salines\/wp-json\/wp\/v2\/posts\/2584\/revisions\/2586"}],"wp:featuredmedia":[{"embeddable":true,"href":"https:\/\/agora.xtec.cat\/zer-les-salines\/wp-json\/wp\/v2\/media\/2585"}],"wp:attachment":[{"href":"https:\/\/agora.xtec.cat\/zer-les-salines\/wp-json\/wp\/v2\/media?parent=2584"}],"wp:term":[{"taxonomy":"category","embeddable":true,"href":"https:\/\/agora.xtec.cat\/zer-les-salines\/wp-json\/wp\/v2\/categories?post=2584"},{"taxonomy":"post_tag","embeddable":true,"href":"https:\/\/agora.xtec.cat\/zer-les-salines\/wp-json\/wp\/v2\/tags?post=2584"}],"curies":[{"name":"wp","href":"https:\/\/api.w.org\/{rel}","templated":true}]}}