{"id":2567,"date":"2024-06-26T13:49:57","date_gmt":"2024-06-26T11:49:57","guid":{"rendered":"https:\/\/agora.xtec.cat\/zer-les-salines\/?p=2567"},"modified":"2024-06-27T09:25:29","modified_gmt":"2024-06-27T07:25:29","slug":"projecte-pati-escola-santa-cecilia","status":"publish","type":"post","link":"https:\/\/agora.xtec.cat\/zer-les-salines\/portada\/projecte-pati-escola-santa-cecilia\/","title":{"rendered":"Projecte pati a l&#8217;Escola Santa Cec\u00edlia"},"content":{"rendered":"\n<p>L&#8217;alumnat de Boadella i Les Escaules han treballat durant tot el curs el projecte del pati de l&#8217;escola. Volien personalitzar-lo i han optat per pintar la <a href=\"https:\/\/drive.google.com\/drive\/folders\/11Yuq31gUiY6b9RDylyyYMjEfUs9ta6vG?usp=sharing\" data-type=\"link\" data-id=\"https:\/\/drive.google.com\/drive\/folders\/11Yuq31gUiY6b9RDylyyYMjEfUs9ta6vG?usp=sharing\"><strong>cabana dels petits<\/strong><\/a>,  pintar <a href=\"https:\/\/drive.google.com\/drive\/folders\/1we6Y7ebZRNqEDTNWJpWVDRyCZiTTN22Y?usp=sharing\" data-type=\"link\" data-id=\"https:\/\/drive.google.com\/drive\/folders\/1we6Y7ebZRNqEDTNWJpWVDRyCZiTTN22Y?usp=sharing\"><strong>jocs a la pista<\/strong><\/a> i, elaborar   un <a href=\"https:\/\/drive.google.com\/drive\/folders\/1PK-cN_hDE1-4KZM86eH-O-zvnCJTGiL4?usp=sharing\" data-type=\"link\" data-id=\"https:\/\/drive.google.com\/drive\/folders\/1PK-cN_hDE1-4KZM86eH-O-zvnCJTGiL4?usp=sharing\"><strong>mural<\/strong><\/a> en una de les parets. Tot aix\u00f2 ho han fet possible amb la col\u00b7laboraci\u00f3 d&#8217;en Llu\u00eds Vilanova, mestre jubilat  que els ha ajudat amb el mural i amb el material cedit per l&#8217;Escola d&#8217;Aiguaviva i el suport d&#8217;un dels seus mestres, en Pere Salvatella. Tamb\u00e9 s&#8217;han fet menjadores pels ocells i s&#8217;hi han sembrat bulbs a les jardineres. A m\u00e9s a m\u00e9s, van investigar sobre la hist\u00f2ria del pati fent enquestes als ve\u00efns i familiars i el que van descobrir ho van voler explicar al poble en format obra de teatre i elaborant un tr\u00edptic. <\/p>\n\n\n\n<p>Els feia il\u00b7lusi\u00f3 fer una <a href=\"https:\/\/drive.google.com\/drive\/folders\/1POCNu4iMtkFRcV15WptySFDWjXrEWryt?usp=sharing\" data-type=\"link\" data-id=\"https:\/\/drive.google.com\/drive\/folders\/1POCNu4iMtkFRcV15WptySFDWjXrEWryt?usp=sharing\"><strong>festa d&#8217;inauguraci\u00f3<\/strong><\/a> que s&#8217;ha fet coincidir amb la festa de final de curs. L&#8217;\u00faltima de les activitats va ser la revisi\u00f3 del projecte i comprovar que havien apr\u00e8s molt\u00edssim a part de passar-ho molt b\u00e9!<\/p>\n\n\n\n<p><sup>Recordeu que per accedir a les fotografies necessitareu tenir tots els usuaris d\u2019altres correus electr\u00f2nics tancats i entrar amb l\u2019usuari i contrasenya de zerlessalines.cat dels vostres fills\/es<\/sup><\/p>\n","protected":false},"excerpt":{"rendered":"<p>L&#8217;alumnat de Boadella i Les Escaules han treballat durant tot el curs el projecte del pati de l&#8217;escola. Volien personalitzar-lo i han optat per pintar la <a href=\"https:\/\/drive.google.com\/drive\/folders\/11Yuq31gUiY6b9RDylyyYMjEfUs9ta6vG?usp=sharing\" data-type=\"link\" data-id=\"https:\/\/drive.google.com\/drive\/folders\/11Yuq31gUiY6b9RDylyyYMjEfUs9ta6vG?usp=sharing\">cabana dels petits<\/a>,  pintar <a href=\"https:\/\/drive.google.com\/drive\/folders\/1we6Y7ebZRNqEDTNWJpWVDRyCZiTTN22Y?usp=sharing\" data-type=\"link\" data-id=\"https:\/\/drive.google.com\/drive\/folders\/1we6Y7ebZRNqEDTNWJpWVDRyCZiTTN22Y?usp=sharing\">jocs a la pista<\/a> i, elaborar  &hellip;  <a href=\"https:\/\/agora.xtec.cat\/zer-les-salines\/portada\/projecte-pati-escola-santa-cecilia\/\" title=\"Read Projecte pati a l&#8217;Escola Santa Cec\u00edlia\">Llegeix m\u00e9s\u00bb<\/a><\/p>\n","protected":false},"author":86,"featured_media":2570,"comment_status":"open","ping_status":"open","sticky":false,"template":"","format":"standard","meta":{"_bbp_topic_count":0,"_bbp_reply_count":0,"_bbp_total_topic_count":0,"_bbp_total_reply_count":0,"_bbp_voice_count":0,"_bbp_anonymous_reply_count":0,"_bbp_topic_count_hidden":0,"_bbp_reply_count_hidden":0,"_bbp_forum_subforum_count":0,"footnotes":""},"categories":[117,29],"tags":[506,537],"class_list":["post-2567","post","type-post","status-publish","format-standard","has-post-thumbnail","hentry","category-blog-escola-santacecilia","category-portada","tag-curs-23-24","tag-pati-boadella"],"post_mailing_queue_ids":[],"_links":{"self":[{"href":"https:\/\/agora.xtec.cat\/zer-les-salines\/wp-json\/wp\/v2\/posts\/2567","targetHints":{"allow":["GET"]}}],"collection":[{"href":"https:\/\/agora.xtec.cat\/zer-les-salines\/wp-json\/wp\/v2\/posts"}],"about":[{"href":"https:\/\/agora.xtec.cat\/zer-les-salines\/wp-json\/wp\/v2\/types\/post"}],"author":[{"embeddable":true,"href":"https:\/\/agora.xtec.cat\/zer-les-salines\/wp-json\/wp\/v2\/users\/86"}],"replies":[{"embeddable":true,"href":"https:\/\/agora.xtec.cat\/zer-les-salines\/wp-json\/wp\/v2\/comments?post=2567"}],"version-history":[{"count":4,"href":"https:\/\/agora.xtec.cat\/zer-les-salines\/wp-json\/wp\/v2\/posts\/2567\/revisions"}],"predecessor-version":[{"id":2579,"href":"https:\/\/agora.xtec.cat\/zer-les-salines\/wp-json\/wp\/v2\/posts\/2567\/revisions\/2579"}],"wp:featuredmedia":[{"embeddable":true,"href":"https:\/\/agora.xtec.cat\/zer-les-salines\/wp-json\/wp\/v2\/media\/2570"}],"wp:attachment":[{"href":"https:\/\/agora.xtec.cat\/zer-les-salines\/wp-json\/wp\/v2\/media?parent=2567"}],"wp:term":[{"taxonomy":"category","embeddable":true,"href":"https:\/\/agora.xtec.cat\/zer-les-salines\/wp-json\/wp\/v2\/categories?post=2567"},{"taxonomy":"post_tag","embeddable":true,"href":"https:\/\/agora.xtec.cat\/zer-les-salines\/wp-json\/wp\/v2\/tags?post=2567"}],"curies":[{"name":"wp","href":"https:\/\/api.w.org\/{rel}","templated":true}]}}