{"id":2554,"date":"2024-06-13T14:11:29","date_gmt":"2024-06-13T12:11:29","guid":{"rendered":"https:\/\/agora.xtec.cat\/zer-les-salines\/?p=2554"},"modified":"2024-06-21T12:05:27","modified_gmt":"2024-06-21T10:05:27","slug":"visita-de-lillustrador","status":"publish","type":"post","link":"https:\/\/agora.xtec.cat\/zer-les-salines\/portada\/visita-de-lillustrador\/","title":{"rendered":"Visita de l&#8217;Il\u00b7lustrador"},"content":{"rendered":"\n<p>El passat 28 de maig, l&#8217;alumnat d&#8217;educaci\u00f3 infantil i de cicle inicial de la ZER va tenir l&#8217;oportunitat de viure una experi\u00e8ncia \u00fanica a Biure. Els nens i nenes van con\u00e8ixer en persona l&#8217;il\u00b7lustrador Xavier Salom\u00f3, una figura destacada en el m\u00f3n de la literatura infantil. Durant la trobada, l&#8217;alumnat va poder descobrir el proc\u00e9s creatiu que hi ha darrere de les seves il\u00b7lustracions, escoltar hist\u00f2ries captivadores i participar en un taller on van poder deixar volar la seva imaginaci\u00f3 i creativitat. Aquesta activitat va ser molt enriquidora per a tots, fomentant l&#8217;h\u00e0bit per la lectura i l&#8217;art des de ben petits.<\/p>\n\n\n\n<p>En aquest enlla\u00e7 podreu veure algunes imatges de la jornada: <a href=\"https:\/\/drive.google.com\/drive\/folders\/1GDp8aVZ-17Ene_qQ-u0lu03MWv1zIw-U?usp=sharing\">Visita il\u00b7lustrador<\/a>.<\/p>\n\n\n\n<p>Recordeu que per poder veure les fotografies haureu d&#8217;accedir amb l&#8217;usuari de @zerlessalines.cat del vostre fill\/a.<\/p>\n","protected":false},"excerpt":{"rendered":"<p>El passat 28 de maig, l&#8217;alumnat d&#8217;educaci\u00f3 infantil i de cicle inicial de la ZER va tenir l&#8217;oportunitat de viure una experi\u00e8ncia \u00fanica a Biure. Els nens i nenes van con\u00e8ixer en persona l&#8217;il\u00b7lustrador Xavier Salom\u00f3, una figura destacada en el m\u00f3n de la literatura&hellip;  <a href=\"https:\/\/agora.xtec.cat\/zer-les-salines\/portada\/visita-de-lillustrador\/\" title=\"Read Visita de l&#8217;Il\u00b7lustrador\">Llegeix m\u00e9s\u00bb<\/a><\/p>\n","protected":false},"author":1,"featured_media":2555,"comment_status":"open","ping_status":"closed","sticky":false,"template":"","format":"standard","meta":{"_bbp_topic_count":0,"_bbp_reply_count":0,"_bbp_total_topic_count":0,"_bbp_total_reply_count":0,"_bbp_voice_count":0,"_bbp_anonymous_reply_count":0,"_bbp_topic_count_hidden":0,"_bbp_reply_count_hidden":0,"_bbp_forum_subforum_count":0,"footnotes":""},"categories":[125,29],"tags":[190,506,536,535,196],"class_list":["post-2554","post","type-post","status-publish","format-standard","has-post-thumbnail","hentry","category-activitatszer","category-portada","tag-biure","tag-curs-23-24","tag-eici","tag-illustrador","tag-zer"],"post_mailing_queue_ids":[],"_links":{"self":[{"href":"https:\/\/agora.xtec.cat\/zer-les-salines\/wp-json\/wp\/v2\/posts\/2554","targetHints":{"allow":["GET"]}}],"collection":[{"href":"https:\/\/agora.xtec.cat\/zer-les-salines\/wp-json\/wp\/v2\/posts"}],"about":[{"href":"https:\/\/agora.xtec.cat\/zer-les-salines\/wp-json\/wp\/v2\/types\/post"}],"author":[{"embeddable":true,"href":"https:\/\/agora.xtec.cat\/zer-les-salines\/wp-json\/wp\/v2\/users\/1"}],"replies":[{"embeddable":true,"href":"https:\/\/agora.xtec.cat\/zer-les-salines\/wp-json\/wp\/v2\/comments?post=2554"}],"version-history":[{"count":3,"href":"https:\/\/agora.xtec.cat\/zer-les-salines\/wp-json\/wp\/v2\/posts\/2554\/revisions"}],"predecessor-version":[{"id":2561,"href":"https:\/\/agora.xtec.cat\/zer-les-salines\/wp-json\/wp\/v2\/posts\/2554\/revisions\/2561"}],"wp:featuredmedia":[{"embeddable":true,"href":"https:\/\/agora.xtec.cat\/zer-les-salines\/wp-json\/wp\/v2\/media\/2555"}],"wp:attachment":[{"href":"https:\/\/agora.xtec.cat\/zer-les-salines\/wp-json\/wp\/v2\/media?parent=2554"}],"wp:term":[{"taxonomy":"category","embeddable":true,"href":"https:\/\/agora.xtec.cat\/zer-les-salines\/wp-json\/wp\/v2\/categories?post=2554"},{"taxonomy":"post_tag","embeddable":true,"href":"https:\/\/agora.xtec.cat\/zer-les-salines\/wp-json\/wp\/v2\/tags?post=2554"}],"curies":[{"name":"wp","href":"https:\/\/api.w.org\/{rel}","templated":true}]}}