{"id":2551,"date":"2024-05-24T19:00:21","date_gmt":"2024-05-24T17:00:21","guid":{"rendered":"https:\/\/agora.xtec.cat\/zer-les-salines\/?p=2551"},"modified":"2024-05-23T20:29:41","modified_gmt":"2024-05-23T18:29:41","slug":"colonies-a-la-mar-damunt","status":"publish","type":"post","link":"https:\/\/agora.xtec.cat\/zer-les-salines\/portada\/colonies-a-la-mar-damunt\/","title":{"rendered":"Col\u00f2nies a la Mar d&#8217;Amunt!"},"content":{"rendered":"<p>La setmana del 13 al 17 de maig els alumnes de cicle mitj\u00e0 i cicle superior van anar de col\u00f2nies. La nit de dilluns i dimarts la vam fer a l&#8217;Alberg Costa Brava de Llan\u00e7\u00e0 i la nit de dimecres i dijous vam muntar les tendes al Brasc\u00f3 Cap de Creus de Selva de Mar.<\/p>\n<p>Us deixem les fotografies d&#8217;aquesta setmana tan intensa!<\/p>\n<p><a href=\"https:\/\/drive.google.com\/drive\/folders\/1-YWdSfMw0-3TPMNdWXtpsEsNPEtIhfhb?usp=sharing\">Fotografies Col\u00f2nies<\/a><\/p>\n<p><sup>Recordeu que per poder visualitzar les imatges haureu d&#8217;accedir amb l&#8217;usuari de la zerlessalines.cat.\u00a0<\/sup><\/p>\n","protected":false},"excerpt":{"rendered":"<p>La setmana del 13 al 17 de maig els alumnes de cicle mitj\u00e0 i cicle superior van anar de col\u00f2nies. La nit de dilluns i dimarts la vam fer a l&#8217;Alberg Costa Brava de Llan\u00e7\u00e0 i la nit de dimecres i dijous vam muntar les&hellip;  <a href=\"https:\/\/agora.xtec.cat\/zer-les-salines\/portada\/colonies-a-la-mar-damunt\/\" title=\"Read Col\u00f2nies a la Mar d&#8217;Amunt!\">Llegeix m\u00e9s\u00bb<\/a><\/p>\n","protected":false},"author":1,"featured_media":2552,"comment_status":"open","ping_status":"closed","sticky":false,"template":"","format":"standard","meta":{"_bbp_topic_count":0,"_bbp_reply_count":0,"_bbp_total_topic_count":0,"_bbp_total_reply_count":0,"_bbp_voice_count":0,"_bbp_anonymous_reply_count":0,"_bbp_topic_count_hidden":0,"_bbp_reply_count_hidden":0,"_bbp_forum_subforum_count":0,"footnotes":""},"categories":[125,29],"tags":[391,392,534,506,533],"class_list":["post-2551","post","type-post","status-publish","format-standard","has-post-thumbnail","hentry","category-activitatszer","category-portada","tag-colonies","tag-colonies-cmcs","tag-costa","tag-curs-23-24","tag-llanca"],"post_mailing_queue_ids":[],"_links":{"self":[{"href":"https:\/\/agora.xtec.cat\/zer-les-salines\/wp-json\/wp\/v2\/posts\/2551","targetHints":{"allow":["GET"]}}],"collection":[{"href":"https:\/\/agora.xtec.cat\/zer-les-salines\/wp-json\/wp\/v2\/posts"}],"about":[{"href":"https:\/\/agora.xtec.cat\/zer-les-salines\/wp-json\/wp\/v2\/types\/post"}],"author":[{"embeddable":true,"href":"https:\/\/agora.xtec.cat\/zer-les-salines\/wp-json\/wp\/v2\/users\/1"}],"replies":[{"embeddable":true,"href":"https:\/\/agora.xtec.cat\/zer-les-salines\/wp-json\/wp\/v2\/comments?post=2551"}],"version-history":[{"count":1,"href":"https:\/\/agora.xtec.cat\/zer-les-salines\/wp-json\/wp\/v2\/posts\/2551\/revisions"}],"predecessor-version":[{"id":2553,"href":"https:\/\/agora.xtec.cat\/zer-les-salines\/wp-json\/wp\/v2\/posts\/2551\/revisions\/2553"}],"wp:featuredmedia":[{"embeddable":true,"href":"https:\/\/agora.xtec.cat\/zer-les-salines\/wp-json\/wp\/v2\/media\/2552"}],"wp:attachment":[{"href":"https:\/\/agora.xtec.cat\/zer-les-salines\/wp-json\/wp\/v2\/media?parent=2551"}],"wp:term":[{"taxonomy":"category","embeddable":true,"href":"https:\/\/agora.xtec.cat\/zer-les-salines\/wp-json\/wp\/v2\/categories?post=2551"},{"taxonomy":"post_tag","embeddable":true,"href":"https:\/\/agora.xtec.cat\/zer-les-salines\/wp-json\/wp\/v2\/tags?post=2551"}],"curies":[{"name":"wp","href":"https:\/\/api.w.org\/{rel}","templated":true}]}}