{"id":2542,"date":"2024-05-22T12:55:23","date_gmt":"2024-05-22T10:55:23","guid":{"rendered":"https:\/\/agora.xtec.cat\/zer-les-salines\/?p=2542"},"modified":"2024-05-22T13:14:39","modified_gmt":"2024-05-22T11:14:39","slug":"museu-de-la-pedra-seca","status":"publish","type":"post","link":"https:\/\/agora.xtec.cat\/zer-les-salines\/portada\/museu-de-la-pedra-seca\/","title":{"rendered":"La Pedra Seca a l&#8217;Escola Manuel de Pedrolo"},"content":{"rendered":"<p>Els i les alumnes de l&#8217;escola de Biure han estat treballant la Pedra Seca i, per acabar amb el projecte, han preparat un museu que obrir\u00e0 les portes dissabte 25 de maig. Una \u00fanica exposici\u00f3 de tota la feina feta que no us podeu perdre. Us hi esperem!<\/p>\n<p><a href=\"https:\/\/agora.xtec.cat\/zer-les-salines\/wp-content\/uploads\/usu1080\/2024\/05\/CARTELL-MUSEU-PEDRA-SECA.png\"><img loading=\"lazy\" decoding=\"async\" class=\"alignnone size-large wp-image-2543\" src=\"https:\/\/agora.xtec.cat\/zer-les-salines\/wp-content\/uploads\/usu1080\/2024\/05\/CARTELL-MUSEU-PEDRA-SECA-724x1024.png\" alt=\"\" width=\"724\" height=\"1024\" srcset=\"https:\/\/agora.xtec.cat\/zer-les-salines\/wp-content\/uploads\/usu1080\/2024\/05\/CARTELL-MUSEU-PEDRA-SECA-724x1024.png 724w, https:\/\/agora.xtec.cat\/zer-les-salines\/wp-content\/uploads\/usu1080\/2024\/05\/CARTELL-MUSEU-PEDRA-SECA-212x300.png 212w, https:\/\/agora.xtec.cat\/zer-les-salines\/wp-content\/uploads\/usu1080\/2024\/05\/CARTELL-MUSEU-PEDRA-SECA-768x1086.png 768w, https:\/\/agora.xtec.cat\/zer-les-salines\/wp-content\/uploads\/usu1080\/2024\/05\/CARTELL-MUSEU-PEDRA-SECA-1086x1536.png 1086w, https:\/\/agora.xtec.cat\/zer-les-salines\/wp-content\/uploads\/usu1080\/2024\/05\/CARTELL-MUSEU-PEDRA-SECA.png 1300w\" sizes=\"auto, (max-width: 724px) 100vw, 724px\" \/><\/a><\/p>\n","protected":false},"excerpt":{"rendered":"<p>El Museu de la Pedra Seca&hellip;  <a href=\"https:\/\/agora.xtec.cat\/zer-les-salines\/portada\/museu-de-la-pedra-seca\/\" title=\"Read La Pedra Seca a l&#8217;Escola Manuel de Pedrolo\">Llegeix m\u00e9s\u00bb<\/a><\/p>\n","protected":false},"author":90,"featured_media":2550,"comment_status":"open","ping_status":"closed","sticky":false,"template":"","format":"standard","meta":{"_bbp_topic_count":0,"_bbp_reply_count":0,"_bbp_total_topic_count":0,"_bbp_total_reply_count":0,"_bbp_voice_count":0,"_bbp_anonymous_reply_count":0,"_bbp_topic_count_hidden":0,"_bbp_reply_count_hidden":0,"_bbp_forum_subforum_count":0,"footnotes":""},"categories":[116,227,29],"tags":[190,240,532],"class_list":["post-2542","post","type-post","status-publish","format-standard","has-post-thumbnail","hentry","category-blog-escola-manueldepedrolo","category-families","category-portada","tag-biure","tag-families","tag-patrimoni"],"post_mailing_queue_ids":[],"_links":{"self":[{"href":"https:\/\/agora.xtec.cat\/zer-les-salines\/wp-json\/wp\/v2\/posts\/2542","targetHints":{"allow":["GET"]}}],"collection":[{"href":"https:\/\/agora.xtec.cat\/zer-les-salines\/wp-json\/wp\/v2\/posts"}],"about":[{"href":"https:\/\/agora.xtec.cat\/zer-les-salines\/wp-json\/wp\/v2\/types\/post"}],"author":[{"embeddable":true,"href":"https:\/\/agora.xtec.cat\/zer-les-salines\/wp-json\/wp\/v2\/users\/90"}],"replies":[{"embeddable":true,"href":"https:\/\/agora.xtec.cat\/zer-les-salines\/wp-json\/wp\/v2\/comments?post=2542"}],"version-history":[{"count":4,"href":"https:\/\/agora.xtec.cat\/zer-les-salines\/wp-json\/wp\/v2\/posts\/2542\/revisions"}],"predecessor-version":[{"id":2545,"href":"https:\/\/agora.xtec.cat\/zer-les-salines\/wp-json\/wp\/v2\/posts\/2542\/revisions\/2545"}],"wp:featuredmedia":[{"embeddable":true,"href":"https:\/\/agora.xtec.cat\/zer-les-salines\/wp-json\/wp\/v2\/media\/2550"}],"wp:attachment":[{"href":"https:\/\/agora.xtec.cat\/zer-les-salines\/wp-json\/wp\/v2\/media?parent=2542"}],"wp:term":[{"taxonomy":"category","embeddable":true,"href":"https:\/\/agora.xtec.cat\/zer-les-salines\/wp-json\/wp\/v2\/categories?post=2542"},{"taxonomy":"post_tag","embeddable":true,"href":"https:\/\/agora.xtec.cat\/zer-les-salines\/wp-json\/wp\/v2\/tags?post=2542"}],"curies":[{"name":"wp","href":"https:\/\/api.w.org\/{rel}","templated":true}]}}