{"id":2539,"date":"2024-05-13T14:22:13","date_gmt":"2024-05-13T12:22:13","guid":{"rendered":"https:\/\/agora.xtec.cat\/zer-les-salines\/?p=2539"},"modified":"2024-05-13T14:22:13","modified_gmt":"2024-05-13T12:22:13","slug":"sortida-pel-poble-ei-ci","status":"publish","type":"post","link":"https:\/\/agora.xtec.cat\/zer-les-salines\/portada\/sortida-pel-poble-ei-ci\/","title":{"rendered":"Sortida pel poble EI\/CI"},"content":{"rendered":"<p dir=\"ltr\">El passat dimecres l&#8217;alumnat d&#8217;EI i CI de l&#8217;Escola Les Salines, va sortir per l&#8217;entorn proper a con\u00e8ixer les cases on viuen, els carrers, les fonts que tenim m\u00e9s a prop i els serveis del poble.<\/p>\n<p dir=\"ltr\">Quan vam passar per davant de l&#8217;ajuntament vam tenir la gran sort que en Xavi Molina, l&#8217;alcalde de Ma\u00e7anet de Cabrenys, ens va convidar a fer una visita per dins i tamb\u00e9 con\u00e8ixer les persones que hi treballen.<\/p>\n<p dir=\"ltr\">Per acabar la nostra volta vam anar a veure les parades de fruites, verdures i flors del mercat.<\/p>\n<p dir=\"ltr\">Tot seguit vam parar a esmorzar a la Font d&#8217;en Sorrer. Ens ho vam ben guanyar!<\/p>\n<p dir=\"ltr\">Aqu\u00ed teniu un petit <a href=\"https:\/\/drive.google.com\/drive\/folders\/1LvBJX-wowA8Fi6y3NdJ3KYHR8r_VoP-1?usp=sharing\">recull de fotos<\/a> del que vam fer.<\/p>\n<p dir=\"ltr\">\n<p dir=\"ltr\"><strong><sub>Recordeu que per poder veure les fotografies heu d\u2019accedir amb l\u2019usuari i contrasenya de la @zerlessalines.cat<\/sub><\/strong><\/p>\n","protected":false},"excerpt":{"rendered":"<p>El passat dimecres l&#8217;alumnat d&#8217;EI i CI de l&#8217;Escola Les Salines, va sortir per l&#8217;entorn proper a con\u00e8ixer les cases on viuen, els carrers, les fonts que tenim m\u00e9s a prop i els serveis del poble.<br \/>\nQuan vam passar per davant de l&#8217;ajuntament vam tenir la&hellip;  <a href=\"https:\/\/agora.xtec.cat\/zer-les-salines\/portada\/sortida-pel-poble-ei-ci\/\" title=\"Read Sortida pel poble EI\/CI\">Llegeix m\u00e9s\u00bb<\/a><\/p>\n","protected":false},"author":77,"featured_media":2540,"comment_status":"open","ping_status":"closed","sticky":false,"template":"","format":"standard","meta":{"_bbp_topic_count":0,"_bbp_reply_count":0,"_bbp_total_topic_count":0,"_bbp_total_reply_count":0,"_bbp_voice_count":0,"_bbp_anonymous_reply_count":0,"_bbp_topic_count_hidden":0,"_bbp_reply_count_hidden":0,"_bbp_forum_subforum_count":0,"footnotes":""},"categories":[114,29],"tags":[531],"class_list":["post-2539","post","type-post","status-publish","format-standard","has-post-thumbnail","hentry","category-blog-escola-lessalines","category-portada","tag-sortida-poble-ei-ci"],"post_mailing_queue_ids":[],"_links":{"self":[{"href":"https:\/\/agora.xtec.cat\/zer-les-salines\/wp-json\/wp\/v2\/posts\/2539","targetHints":{"allow":["GET"]}}],"collection":[{"href":"https:\/\/agora.xtec.cat\/zer-les-salines\/wp-json\/wp\/v2\/posts"}],"about":[{"href":"https:\/\/agora.xtec.cat\/zer-les-salines\/wp-json\/wp\/v2\/types\/post"}],"author":[{"embeddable":true,"href":"https:\/\/agora.xtec.cat\/zer-les-salines\/wp-json\/wp\/v2\/users\/77"}],"replies":[{"embeddable":true,"href":"https:\/\/agora.xtec.cat\/zer-les-salines\/wp-json\/wp\/v2\/comments?post=2539"}],"version-history":[{"count":1,"href":"https:\/\/agora.xtec.cat\/zer-les-salines\/wp-json\/wp\/v2\/posts\/2539\/revisions"}],"predecessor-version":[{"id":2541,"href":"https:\/\/agora.xtec.cat\/zer-les-salines\/wp-json\/wp\/v2\/posts\/2539\/revisions\/2541"}],"wp:featuredmedia":[{"embeddable":true,"href":"https:\/\/agora.xtec.cat\/zer-les-salines\/wp-json\/wp\/v2\/media\/2540"}],"wp:attachment":[{"href":"https:\/\/agora.xtec.cat\/zer-les-salines\/wp-json\/wp\/v2\/media?parent=2539"}],"wp:term":[{"taxonomy":"category","embeddable":true,"href":"https:\/\/agora.xtec.cat\/zer-les-salines\/wp-json\/wp\/v2\/categories?post=2539"},{"taxonomy":"post_tag","embeddable":true,"href":"https:\/\/agora.xtec.cat\/zer-les-salines\/wp-json\/wp\/v2\/tags?post=2539"}],"curies":[{"name":"wp","href":"https:\/\/api.w.org\/{rel}","templated":true}]}}