{"id":2528,"date":"2024-05-03T19:00:07","date_gmt":"2024-05-03T17:00:07","guid":{"rendered":"https:\/\/agora.xtec.cat\/zer-les-salines\/?p=2528"},"modified":"2024-05-02T23:45:50","modified_gmt":"2024-05-02T21:45:50","slug":"sortida-cem-escola-les-salines","status":"publish","type":"post","link":"https:\/\/agora.xtec.cat\/zer-les-salines\/portada\/sortida-cem-escola-les-salines\/","title":{"rendered":"Sortida CEM &#8211; Escola Les Salines"},"content":{"rendered":"<p>El passat 10 d&#8217;abril l&#8217;alumnat de prim\u00e0ria de l&#8217;escola Les Salines vam fer la ruta de les centrals amb la col\u00b7laboraci\u00f3 del CEM (Centre Excursionista de Ma\u00e7anet de Cabrenys).<\/p>\n<p>En Robert i la Rosa ens van acompanyar i ens van explicar moltes coses relacionades amb el funcionament de les antigues centrals el\u00e8ctriques i l&#8217;entorn natural.<\/p>\n<p>Tamb\u00e9 vam aprofitar per posar la c\u00e0mera de foto trampeig que anirem a recollir el dijous 9 de maig.<\/p>\n<p>Estem molt agra\u00efts i agra\u00efdes! Moltes gr\u00e0cies!<\/p>\n<p>Compartim amb vosaltres les fotografies de la sortida: <a href=\"https:\/\/drive.google.com\/drive\/folders\/1-HYsqyNTYDd2XsHJjOBK6byuMdScA0yf?usp=sharing\">Ruta de les centrals<\/a>.<\/p>\n<p><sup>Recordeu que per veure les fotografies haureu d&#8217;accedir amb l&#8217;usuari i contrasenya del correu @zerlessalines.cat<\/sup><\/p>\n<p><iframe loading=\"lazy\" src=\"https:\/\/ca.wikiloc.com\/wikiloc\/embedv2.do?id=166793829&amp;elevation=off&amp;images=off&amp;maptype=H\" width=\"600\" height=\"500\" frameborder=\"0\" scrolling=\"no\"><\/iframe><\/p>\n<div style=\"color: #777; font-size: 11px; line-height: 16px;\">Powered by\u00a0<a style=\"color: #4c8c2b; font-size: 11px; line-height: 16px;\" href=\"https:\/\/ca.wikiloc.com\" target=\"_blank\" rel=\"noopener\">Wikiloc<\/a><\/div>\n","protected":false},"excerpt":{"rendered":"<p>El passat 10 d&#8217;abril l&#8217;alumnat de prim\u00e0ria de l&#8217;escola Les Salines vam fer la ruta de les centrals amb la col\u00b7laboraci\u00f3 del CEM (Centre Excursionista de Ma\u00e7anet de Cabrenys).<br \/>\nEn Robert i la Rosa ens van acompanyar i ens van explicar moltes coses relacionades amb el&hellip;  <a href=\"https:\/\/agora.xtec.cat\/zer-les-salines\/portada\/sortida-cem-escola-les-salines\/\" title=\"Read Sortida CEM &#8211; Escola Les Salines\">Llegeix m\u00e9s\u00bb<\/a><\/p>\n","protected":false},"author":1,"featured_media":2530,"comment_status":"open","ping_status":"closed","sticky":false,"template":"","format":"standard","meta":{"_bbp_topic_count":0,"_bbp_reply_count":0,"_bbp_total_topic_count":0,"_bbp_total_reply_count":0,"_bbp_voice_count":0,"_bbp_anonymous_reply_count":0,"_bbp_topic_count_hidden":0,"_bbp_reply_count_hidden":0,"_bbp_forum_subforum_count":0,"footnotes":""},"categories":[114,29],"tags":[506,374,528],"class_list":["post-2528","post","type-post","status-publish","format-standard","has-post-thumbnail","hentry","category-blog-escola-lessalines","category-portada","tag-curs-23-24","tag-escola-les-salines","tag-ruta"],"post_mailing_queue_ids":[],"_links":{"self":[{"href":"https:\/\/agora.xtec.cat\/zer-les-salines\/wp-json\/wp\/v2\/posts\/2528","targetHints":{"allow":["GET"]}}],"collection":[{"href":"https:\/\/agora.xtec.cat\/zer-les-salines\/wp-json\/wp\/v2\/posts"}],"about":[{"href":"https:\/\/agora.xtec.cat\/zer-les-salines\/wp-json\/wp\/v2\/types\/post"}],"author":[{"embeddable":true,"href":"https:\/\/agora.xtec.cat\/zer-les-salines\/wp-json\/wp\/v2\/users\/1"}],"replies":[{"embeddable":true,"href":"https:\/\/agora.xtec.cat\/zer-les-salines\/wp-json\/wp\/v2\/comments?post=2528"}],"version-history":[{"count":1,"href":"https:\/\/agora.xtec.cat\/zer-les-salines\/wp-json\/wp\/v2\/posts\/2528\/revisions"}],"predecessor-version":[{"id":2531,"href":"https:\/\/agora.xtec.cat\/zer-les-salines\/wp-json\/wp\/v2\/posts\/2528\/revisions\/2531"}],"wp:featuredmedia":[{"embeddable":true,"href":"https:\/\/agora.xtec.cat\/zer-les-salines\/wp-json\/wp\/v2\/media\/2530"}],"wp:attachment":[{"href":"https:\/\/agora.xtec.cat\/zer-les-salines\/wp-json\/wp\/v2\/media?parent=2528"}],"wp:term":[{"taxonomy":"category","embeddable":true,"href":"https:\/\/agora.xtec.cat\/zer-les-salines\/wp-json\/wp\/v2\/categories?post=2528"},{"taxonomy":"post_tag","embeddable":true,"href":"https:\/\/agora.xtec.cat\/zer-les-salines\/wp-json\/wp\/v2\/tags?post=2528"}],"curies":[{"name":"wp","href":"https:\/\/api.w.org\/{rel}","templated":true}]}}