{"id":2515,"date":"2024-04-18T13:59:58","date_gmt":"2024-04-18T11:59:58","guid":{"rendered":"https:\/\/agora.xtec.cat\/zer-les-salines\/?p=2515"},"modified":"2024-04-18T13:59:58","modified_gmt":"2024-04-18T11:59:58","slug":"primavera-i-entorn-a-biure","status":"publish","type":"post","link":"https:\/\/agora.xtec.cat\/zer-les-salines\/portada\/primavera-i-entorn-a-biure\/","title":{"rendered":"Primavera i entorn, a Biure!"},"content":{"rendered":"<p>Ja fa uns dies que la Primavera ha fet acte de pres\u00e8ncia i ho estem notant. \u00c9s per aquest motiu que ens proposem observar quins canvis comporta en el nostre dia a dia i en el nostre entorn proper. Aquesta feina ens portar\u00e0 a treballar tot all\u00f2 relacionat amb aquesta estaci\u00f3, per\u00f2 per comen\u00e7ar hem decidit que els petits de l&#8217;escola de Biure volem veure quins canvis ha patit el nostre entorn amb l&#8217;arribada de la nova estaci\u00f3. Aqu\u00ed us deixem una s\u00e8rie de fotografies amb les sortides que hem realitzat per investigar i prendre evid\u00e8ncies que m\u00e9s tard ens serviran per a treballar a l&#8217;escola. Esperem fer-vos arribar una mica de l&#8217;olor de primavera!<\/p>\n<p><a href=\"https:\/\/drive.google.com\/drive\/folders\/1vdntRNwiGwPVEM4-xw6e-fLBZFQX43po?usp=drive_link\">Recull d&#8217;imatges<\/a><\/p>\n","protected":false},"excerpt":{"rendered":"<p>Olor a Primavera!&hellip;  <a href=\"https:\/\/agora.xtec.cat\/zer-les-salines\/portada\/primavera-i-entorn-a-biure\/\" title=\"Read Primavera i entorn, a Biure!\">Llegeix m\u00e9s\u00bb<\/a><\/p>\n","protected":false},"author":90,"featured_media":2516,"comment_status":"open","ping_status":"closed","sticky":false,"template":"","format":"standard","meta":{"_bbp_topic_count":0,"_bbp_reply_count":0,"_bbp_total_topic_count":0,"_bbp_total_reply_count":0,"_bbp_voice_count":0,"_bbp_anonymous_reply_count":0,"_bbp_topic_count_hidden":0,"_bbp_reply_count_hidden":0,"_bbp_forum_subforum_count":0,"footnotes":""},"categories":[116,29],"tags":[190,459,527,196],"class_list":["post-2515","post","type-post","status-publish","format-standard","has-post-thumbnail","hentry","category-blog-escola-manueldepedrolo","category-portada","tag-biure","tag-infantil","tag-primavera","tag-zer"],"post_mailing_queue_ids":[],"_links":{"self":[{"href":"https:\/\/agora.xtec.cat\/zer-les-salines\/wp-json\/wp\/v2\/posts\/2515","targetHints":{"allow":["GET"]}}],"collection":[{"href":"https:\/\/agora.xtec.cat\/zer-les-salines\/wp-json\/wp\/v2\/posts"}],"about":[{"href":"https:\/\/agora.xtec.cat\/zer-les-salines\/wp-json\/wp\/v2\/types\/post"}],"author":[{"embeddable":true,"href":"https:\/\/agora.xtec.cat\/zer-les-salines\/wp-json\/wp\/v2\/users\/90"}],"replies":[{"embeddable":true,"href":"https:\/\/agora.xtec.cat\/zer-les-salines\/wp-json\/wp\/v2\/comments?post=2515"}],"version-history":[{"count":3,"href":"https:\/\/agora.xtec.cat\/zer-les-salines\/wp-json\/wp\/v2\/posts\/2515\/revisions"}],"predecessor-version":[{"id":2519,"href":"https:\/\/agora.xtec.cat\/zer-les-salines\/wp-json\/wp\/v2\/posts\/2515\/revisions\/2519"}],"wp:featuredmedia":[{"embeddable":true,"href":"https:\/\/agora.xtec.cat\/zer-les-salines\/wp-json\/wp\/v2\/media\/2516"}],"wp:attachment":[{"href":"https:\/\/agora.xtec.cat\/zer-les-salines\/wp-json\/wp\/v2\/media?parent=2515"}],"wp:term":[{"taxonomy":"category","embeddable":true,"href":"https:\/\/agora.xtec.cat\/zer-les-salines\/wp-json\/wp\/v2\/categories?post=2515"},{"taxonomy":"post_tag","embeddable":true,"href":"https:\/\/agora.xtec.cat\/zer-les-salines\/wp-json\/wp\/v2\/tags?post=2515"}],"curies":[{"name":"wp","href":"https:\/\/api.w.org\/{rel}","templated":true}]}}