{"id":2507,"date":"2024-04-05T13:41:35","date_gmt":"2024-04-05T11:41:35","guid":{"rendered":"https:\/\/agora.xtec.cat\/zer-les-salines\/?p=2507"},"modified":"2024-04-05T13:41:35","modified_gmt":"2024-04-05T11:41:35","slug":"visita-exposicio-burgitt-ter-steege-a-can-viola","status":"publish","type":"post","link":"https:\/\/agora.xtec.cat\/zer-les-salines\/general\/visita-exposicio-burgitt-ter-steege-a-can-viola\/","title":{"rendered":"Visita exposici\u00f3 Burgitt ter Steege a Can Viola"},"content":{"rendered":"<p>Els alumnes de Prim\u00e0ria de l&#8217; Escola Les Salines han visitat aquesta exposici\u00f3 tant interessant que hi havia al seu poble amb l&#8217;acompanyament i explicacions de la Lola Vent\u00f3s.\u00a0 Despr\u00e8s faran un treball a l&#8217;aula.<\/p>\n<p>Cliqueu la imatge per descobrir les obres d&#8217;art.<\/p>\n<p><a href=\"https:\/\/drive.google.com\/drive\/folders\/18LChYLt2otnEHe0dJShHVBN2FnI8DgCd?usp=sharing\"><img loading=\"lazy\" decoding=\"async\" class=\"alignnone wp-image-2508 aligncenter\" src=\"https:\/\/agora.xtec.cat\/zer-les-salines\/wp-content\/uploads\/usu1080\/2024\/04\/1712063051079-472x1024.jpg\" alt=\"\" width=\"123\" height=\"267\" srcset=\"https:\/\/agora.xtec.cat\/zer-les-salines\/wp-content\/uploads\/usu1080\/2024\/04\/1712063051079-472x1024.jpg 472w, https:\/\/agora.xtec.cat\/zer-les-salines\/wp-content\/uploads\/usu1080\/2024\/04\/1712063051079-138x300.jpg 138w, https:\/\/agora.xtec.cat\/zer-les-salines\/wp-content\/uploads\/usu1080\/2024\/04\/1712063051079-768x1667.jpg 768w, https:\/\/agora.xtec.cat\/zer-les-salines\/wp-content\/uploads\/usu1080\/2024\/04\/1712063051079-708x1536.jpg 708w, https:\/\/agora.xtec.cat\/zer-les-salines\/wp-content\/uploads\/usu1080\/2024\/04\/1712063051079-944x2048.jpg 944w, https:\/\/agora.xtec.cat\/zer-les-salines\/wp-content\/uploads\/usu1080\/2024\/04\/1712063051079-scaled.jpg 1180w\" sizes=\"auto, (max-width: 123px) 100vw, 123px\" \/><\/a><\/p>\n","protected":false},"excerpt":{"rendered":"<p>Els alumnes de Prim\u00e0ria de l&#8217; Escola Les Salines han visitat aquesta exposici\u00f3 tant interessant que hi havia al seu poble amb l&#8217;acompanyament i explicacions de la Lola Vent\u00f3s.\u00a0 Despr\u00e8s faran un treball a l&#8217;aula.<br \/>\nCliqueu la imatge per descobrir les obres d&#8217;art.<br \/>\n<a href=\"https:\/\/drive.google.com\/drive\/folders\/18LChYLt2otnEHe0dJShHVBN2FnI8DgCd?usp=sharing\"><\/a><\/p>\n","protected":false},"author":77,"featured_media":0,"comment_status":"open","ping_status":"closed","sticky":false,"template":"","format":"standard","meta":{"_bbp_topic_count":0,"_bbp_reply_count":0,"_bbp_total_topic_count":0,"_bbp_total_reply_count":0,"_bbp_voice_count":0,"_bbp_anonymous_reply_count":0,"_bbp_topic_count_hidden":0,"_bbp_reply_count_hidden":0,"_bbp_forum_subforum_count":0,"footnotes":""},"categories":[114,1,29],"tags":[525,523,524],"class_list":["post-2507","post","type-post","status-publish","format-standard","hentry","category-blog-escola-lessalines","category-general","category-portada","tag-can-viola","tag-exposicio","tag-lola-ventos"],"post_mailing_queue_ids":[],"_links":{"self":[{"href":"https:\/\/agora.xtec.cat\/zer-les-salines\/wp-json\/wp\/v2\/posts\/2507","targetHints":{"allow":["GET"]}}],"collection":[{"href":"https:\/\/agora.xtec.cat\/zer-les-salines\/wp-json\/wp\/v2\/posts"}],"about":[{"href":"https:\/\/agora.xtec.cat\/zer-les-salines\/wp-json\/wp\/v2\/types\/post"}],"author":[{"embeddable":true,"href":"https:\/\/agora.xtec.cat\/zer-les-salines\/wp-json\/wp\/v2\/users\/77"}],"replies":[{"embeddable":true,"href":"https:\/\/agora.xtec.cat\/zer-les-salines\/wp-json\/wp\/v2\/comments?post=2507"}],"version-history":[{"count":3,"href":"https:\/\/agora.xtec.cat\/zer-les-salines\/wp-json\/wp\/v2\/posts\/2507\/revisions"}],"predecessor-version":[{"id":2511,"href":"https:\/\/agora.xtec.cat\/zer-les-salines\/wp-json\/wp\/v2\/posts\/2507\/revisions\/2511"}],"wp:attachment":[{"href":"https:\/\/agora.xtec.cat\/zer-les-salines\/wp-json\/wp\/v2\/media?parent=2507"}],"wp:term":[{"taxonomy":"category","embeddable":true,"href":"https:\/\/agora.xtec.cat\/zer-les-salines\/wp-json\/wp\/v2\/categories?post=2507"},{"taxonomy":"post_tag","embeddable":true,"href":"https:\/\/agora.xtec.cat\/zer-les-salines\/wp-json\/wp\/v2\/tags?post=2507"}],"curies":[{"name":"wp","href":"https:\/\/api.w.org\/{rel}","templated":true}]}}