{"id":2505,"date":"2024-04-05T13:29:33","date_gmt":"2024-04-05T11:29:33","guid":{"rendered":"https:\/\/agora.xtec.cat\/zer-les-salines\/?p=2505"},"modified":"2024-04-05T13:29:33","modified_gmt":"2024-04-05T11:29:33","slug":"dali-i-explotacio-agricola","status":"publish","type":"post","link":"https:\/\/agora.xtec.cat\/zer-les-salines\/general\/dali-i-explotacio-agricola\/","title":{"rendered":"Dal\u00ed i explotaci\u00f3 Agr\u00edcola"},"content":{"rendered":"<p>El passat 18 de mar\u00e7 els alumnes de l&#8217; Escola Les Salines van fer una sortida programada dins les activitats que ofereix el Programa Pla de Consum de fruita. Primer vam anar a Girona a veure un mural d&#8217; en Dal\u00ed i visitar el carrer de les mosques on vam veure una r\u00e8plica d&#8217;una obra de Salvador Dal\u00ed<\/p>\n<p>Seguidament vam anar a visitar l&#8217; Explotaci\u00f3 agr\u00edcola &#8220;Cal Cigarro&#8221; a Salt. All\u00e0 vam fer un taller de tast, un de planter i vam visitar una petita granja d&#8217;animals.<\/p>\n<p style=\"text-align: center\"><a href=\"https:\/\/drive.google.com\/drive\/folders\/156mf8Qy3KW0bvl84zszpx826CFlAVlIp?usp=sharing\">FOTOS DE LA SORTIDA<\/a><\/p>\n","protected":false},"excerpt":{"rendered":"<p>El passat 18 de mar\u00e7 els alumnes de l&#8217; Escola Les Salines van fer una sortida programada dins les activitats que ofereix el Programa Pla de Consum de fruita. Primer vam anar a Girona a veure un mural d&#8217; en Dal\u00ed i visitar el carrer&hellip;  <a href=\"https:\/\/agora.xtec.cat\/zer-les-salines\/general\/dali-i-explotacio-agricola\/\" title=\"Read Dal\u00ed i explotaci\u00f3 Agr\u00edcola\">Llegeix m\u00e9s\u00bb<\/a><\/p>\n","protected":false},"author":77,"featured_media":0,"comment_status":"open","ping_status":"closed","sticky":false,"template":"","format":"standard","meta":{"_bbp_topic_count":0,"_bbp_reply_count":0,"_bbp_total_topic_count":0,"_bbp_total_reply_count":0,"_bbp_voice_count":0,"_bbp_anonymous_reply_count":0,"_bbp_topic_count_hidden":0,"_bbp_reply_count_hidden":0,"_bbp_forum_subforum_count":0,"footnotes":""},"categories":[114,1,29],"tags":[522,519,235,521,475],"class_list":["post-2505","post","type-post","status-publish","format-standard","hentry","category-blog-escola-lessalines","category-general","category-portada","tag-agricola","tag-dali","tag-escola","tag-explotacio","tag-girona"],"post_mailing_queue_ids":[],"_links":{"self":[{"href":"https:\/\/agora.xtec.cat\/zer-les-salines\/wp-json\/wp\/v2\/posts\/2505","targetHints":{"allow":["GET"]}}],"collection":[{"href":"https:\/\/agora.xtec.cat\/zer-les-salines\/wp-json\/wp\/v2\/posts"}],"about":[{"href":"https:\/\/agora.xtec.cat\/zer-les-salines\/wp-json\/wp\/v2\/types\/post"}],"author":[{"embeddable":true,"href":"https:\/\/agora.xtec.cat\/zer-les-salines\/wp-json\/wp\/v2\/users\/77"}],"replies":[{"embeddable":true,"href":"https:\/\/agora.xtec.cat\/zer-les-salines\/wp-json\/wp\/v2\/comments?post=2505"}],"version-history":[{"count":1,"href":"https:\/\/agora.xtec.cat\/zer-les-salines\/wp-json\/wp\/v2\/posts\/2505\/revisions"}],"predecessor-version":[{"id":2506,"href":"https:\/\/agora.xtec.cat\/zer-les-salines\/wp-json\/wp\/v2\/posts\/2505\/revisions\/2506"}],"wp:attachment":[{"href":"https:\/\/agora.xtec.cat\/zer-les-salines\/wp-json\/wp\/v2\/media?parent=2505"}],"wp:term":[{"taxonomy":"category","embeddable":true,"href":"https:\/\/agora.xtec.cat\/zer-les-salines\/wp-json\/wp\/v2\/categories?post=2505"},{"taxonomy":"post_tag","embeddable":true,"href":"https:\/\/agora.xtec.cat\/zer-les-salines\/wp-json\/wp\/v2\/tags?post=2505"}],"curies":[{"name":"wp","href":"https:\/\/api.w.org\/{rel}","templated":true}]}}