{"id":2476,"date":"2024-03-22T19:19:55","date_gmt":"2024-03-22T18:19:55","guid":{"rendered":"https:\/\/agora.xtec.cat\/zer-les-salines\/?p=2476"},"modified":"2024-03-22T19:31:55","modified_gmt":"2024-03-22T18:31:55","slug":"sardanes-a-lalt-emporda","status":"publish","type":"post","link":"https:\/\/agora.xtec.cat\/zer-les-salines\/general\/sardanes-a-lalt-emporda\/","title":{"rendered":"SARDANES A L&#8217;ALT EMPORD\u00c0"},"content":{"rendered":"<p>L&#8217;agrupaci\u00f3 <strong>MEDITERR\u00c0NIA DANSA\u00a0<\/strong>ofereix classes de sardanes.<\/p>\n<p>Adjuntem <a href=\"https:\/\/drive.google.com\/file\/d\/1PBUP5bCiER-ZxZhC4HsRDVjM0hCqJHGL\/view?usp=drive_link\">cartell<\/a> informatiu.<\/p>\n<p>&nbsp;<\/p>\n<p><sup>Recordeu que per accedir a la fotografia necessitareu tenir tots els usuaris d\u2019altres correus electr\u00f2nics tancats i entrar amb l\u2019usuari i contrasenya de zerlessalines.cat dels vostres fills\/es.<\/sup><\/p>\n","protected":false},"excerpt":{"rendered":"<p>L&#8217;agrupaci\u00f3 MEDITERR\u00c0NIA DANSA\u00a0ofereix classes de sardanes.<br \/>\nAdjuntem <a href=\"https:\/\/drive.google.com\/file\/d\/1PBUP5bCiER-ZxZhC4HsRDVjM0hCqJHGL\/view?usp=drive_link\">cartell<\/a> informatiu.<br \/>\n&nbsp;<br \/>\nRecordeu que per accedir a la fotografia necessitareu tenir tots els usuaris d\u2019altres correus electr\u00f2nics tancats i entrar amb l\u2019usuari i contrasenya de zerlessalines.cat dels vostres fills\/es.<\/p>\n","protected":false},"author":86,"featured_media":2480,"comment_status":"open","ping_status":"closed","sticky":false,"template":"","format":"standard","meta":{"_bbp_topic_count":0,"_bbp_reply_count":0,"_bbp_total_topic_count":0,"_bbp_total_reply_count":0,"_bbp_voice_count":0,"_bbp_anonymous_reply_count":0,"_bbp_topic_count_hidden":0,"_bbp_reply_count_hidden":0,"_bbp_forum_subforum_count":0,"footnotes":""},"categories":[1,29],"tags":[],"class_list":["post-2476","post","type-post","status-publish","format-standard","has-post-thumbnail","hentry","category-general","category-portada"],"post_mailing_queue_ids":[],"_links":{"self":[{"href":"https:\/\/agora.xtec.cat\/zer-les-salines\/wp-json\/wp\/v2\/posts\/2476","targetHints":{"allow":["GET"]}}],"collection":[{"href":"https:\/\/agora.xtec.cat\/zer-les-salines\/wp-json\/wp\/v2\/posts"}],"about":[{"href":"https:\/\/agora.xtec.cat\/zer-les-salines\/wp-json\/wp\/v2\/types\/post"}],"author":[{"embeddable":true,"href":"https:\/\/agora.xtec.cat\/zer-les-salines\/wp-json\/wp\/v2\/users\/86"}],"replies":[{"embeddable":true,"href":"https:\/\/agora.xtec.cat\/zer-les-salines\/wp-json\/wp\/v2\/comments?post=2476"}],"version-history":[{"count":6,"href":"https:\/\/agora.xtec.cat\/zer-les-salines\/wp-json\/wp\/v2\/posts\/2476\/revisions"}],"predecessor-version":[{"id":2484,"href":"https:\/\/agora.xtec.cat\/zer-les-salines\/wp-json\/wp\/v2\/posts\/2476\/revisions\/2484"}],"wp:featuredmedia":[{"embeddable":true,"href":"https:\/\/agora.xtec.cat\/zer-les-salines\/wp-json\/wp\/v2\/media\/2480"}],"wp:attachment":[{"href":"https:\/\/agora.xtec.cat\/zer-les-salines\/wp-json\/wp\/v2\/media?parent=2476"}],"wp:term":[{"taxonomy":"category","embeddable":true,"href":"https:\/\/agora.xtec.cat\/zer-les-salines\/wp-json\/wp\/v2\/categories?post=2476"},{"taxonomy":"post_tag","embeddable":true,"href":"https:\/\/agora.xtec.cat\/zer-les-salines\/wp-json\/wp\/v2\/tags?post=2476"}],"curies":[{"name":"wp","href":"https:\/\/api.w.org\/{rel}","templated":true}]}}